{"id":861,"date":"2018-06-07T01:24:15","date_gmt":"2018-06-06T23:24:15","guid":{"rendered":"http:\/\/lesfleursarctiques.noblogs.org\/?p=861"},"modified":"2018-09-08T16:40:03","modified_gmt":"2018-09-08T14:40:03","slug":"akira-vendredi-31-aout-a-19h","status":"publish","type":"post","link":"https:\/\/lesfleursarctiques.noblogs.org\/?p=861","title":{"rendered":"Akira &#8211; vendredi 31 ao\u00fbt \u00e0 19h"},"content":{"rendered":"<p style=\"text-align: right\"><em>Katsuhiro Otomo, 1988, vostfr, 2h04<\/em><\/p>\n<p style=\"text-align: right\"><span style=\"color: #008080\"><em><strong>vendredi 31 ao\u00fbt \u00e0 19h<\/strong><\/em><\/span><\/p>\n<p><img decoding=\"async\" src=\"https:\/\/lesfleursarctiques.noblogs.org\/files\/2018\/06\/Akira.png\" \/><\/p>\n<p><em>Akira<\/em> est un film d\u2019animation prenant place en 2019 dans un Tokyo post-apocalyptique, reconstruit suite \u00e0 sa destruction\u00a0 trente ans plus t\u00f4t \u00e0 cause de ce qui semblerait \u00eatre une bombe atomique. Dans ce Neo-Tokyo, sale, ravag\u00e9 par la drogue, les sectes et les combats entre gangs de motards, des \u00e9meutes incontr\u00f4lables \u00e9clatent tous les jours \u00e0 tel point que l\u2019arm\u00e9e est oblig\u00e9e d\u2019intervenir, en vain. Le film nous raconte l\u2019histoire de Kaneda, un lyc\u00e9en en maison de correction, leader d\u2019un gang de motards. Suite \u00e0 une baston en moto avec un autre gang et la rencontre avec un \u00eatre \u00e9trange, dot\u00e9 de pouvoir paranormaux, un des membres du gang de Kaneda, Tetsuo, va se faire enlever par l\u2019arm\u00e9e qui m\u00e8nera des exp\u00e9riences sur lui.<br \/>\nComme le film <em>Testuo<\/em>, que nous avions projet\u00e9 dans le cadre du cin\u00e9-club, <em>Akira<\/em> aborde des th\u00e9matiques propres \u00e0 un genre qu\u2019il a contribu\u00e9 \u00e0 faire \u00e9merger, le \u00ab cyber punk \u00bb. Les questionnements du film sont port\u00e9s \u00e0 la fois dans sa narration et dans son esth\u00e9tique, accompagn\u00e9 d\u2019une bande son angoissante, parfois bruitiste (respirations, frottements de tuyaux\u2026). Akira est une r\u00e9flexion sur l\u2019urbanisme, avec ses \u00e9chelles \u00e9crasantes, ses immeubles imposants, nimb\u00e9s de pubs et de verre, symptomatique un d\u00e9veloppement incontr\u00f4lable, du capitalisme et de l\u2019emprise urbaine sur les individus. Le film nous questionne \u00e9galement sur la proth\u00e8se cybern\u00e9tique, la modification corporelle g\u00e9n\u00e9tique, la technologie et l\u2019\u00e9nergie nucl\u00e9aire toujours au service du pouvoir et du maintien des rapports de domination.<\/p>\n","protected":false},"excerpt":{"rendered":"<p>Katsuhiro Otomo, 1988, vostfr, 2h04 vendredi 31 ao\u00fbt \u00e0 19h Akira est un film d\u2019animation prenant place en 2019 dans un Tokyo post-apocalyptique, reconstruit suite \u00e0 sa destruction\u00a0 trente ans plus t\u00f4t \u00e0 cause de ce qui semblerait \u00eatre une bombe atomique. Dans ce Neo-Tokyo, sale, ravag\u00e9 par la drogue, les sectes et les combats &hellip; <\/p>\n<p class=\"link-more\"><a href=\"https:\/\/lesfleursarctiques.noblogs.org\/?p=861\" class=\"more-link\">Continuer la lecture<span class=\"screen-reader-text\"> de &laquo;&nbsp;Akira &#8211; vendredi 31 ao\u00fbt \u00e0 19h&nbsp;&raquo;<\/span><\/a><\/p>\n","protected":false},"author":11668,"featured_media":0,"comment_status":"open","ping_status":"open","sticky":false,"template":"","format":"standard","meta":{"footnotes":""},"categories":[1],"tags":[],"class_list":["post-861","post","type-post","status-publish","format-standard","hentry","category-general"],"_links":{"self":[{"href":"https:\/\/lesfleursarctiques.noblogs.org\/index.php?rest_route=\/wp\/v2\/posts\/861","targetHints":{"allow":["GET"]}}],"collection":[{"href":"https:\/\/lesfleursarctiques.noblogs.org\/index.php?rest_route=\/wp\/v2\/posts"}],"about":[{"href":"https:\/\/lesfleursarctiques.noblogs.org\/index.php?rest_route=\/wp\/v2\/types\/post"}],"author":[{"embeddable":true,"href":"https:\/\/lesfleursarctiques.noblogs.org\/index.php?rest_route=\/wp\/v2\/users\/11668"}],"replies":[{"embeddable":true,"href":"https:\/\/lesfleursarctiques.noblogs.org\/index.php?rest_route=%2Fwp%2Fv2%2Fcomments&post=861"}],"version-history":[{"count":2,"href":"https:\/\/lesfleursarctiques.noblogs.org\/index.php?rest_route=\/wp\/v2\/posts\/861\/revisions"}],"predecessor-version":[{"id":865,"href":"https:\/\/lesfleursarctiques.noblogs.org\/index.php?rest_route=\/wp\/v2\/posts\/861\/revisions\/865"}],"wp:attachment":[{"href":"https:\/\/lesfleursarctiques.noblogs.org\/index.php?rest_route=%2Fwp%2Fv2%2Fmedia&parent=861"}],"wp:term":[{"taxonomy":"category","embeddable":true,"href":"https:\/\/lesfleursarctiques.noblogs.org\/index.php?rest_route=%2Fwp%2Fv2%2Fcategories&post=861"},{"taxonomy":"post_tag","embeddable":true,"href":"https:\/\/lesfleursarctiques.noblogs.org\/index.php?rest_route=%2Fwp%2Fv2%2Ftags&post=861"}],"curies":[{"name":"wp","href":"https:\/\/api.w.org\/{rel}","templated":true}]}}