{"id":488,"date":"2017-11-10T05:59:04","date_gmt":"2017-11-10T04:59:04","guid":{"rendered":"http:\/\/lesfleursarctiques.noblogs.org\/?p=488"},"modified":"2017-11-21T02:49:44","modified_gmt":"2017-11-21T01:49:44","slug":"projection-de-la-colline-a-des-yeux-cycle-sur-la-famille-lundi-2011-a-19h","status":"publish","type":"post","link":"https:\/\/lesfleursarctiques.noblogs.org\/?p=488","title":{"rendered":"Projection de La colline a des yeux (Cycle sur la famille) &#8211; Lundi 20\/11 \u00e0 19h"},"content":{"rendered":"<p lang=\"fr-FR\" align=\"RIGHT\"><i>La colline a des yeux &#8211; Wes Craven &#8211; 1977 &#8211; 90 min &#8211; USA (Vost)<\/i><\/p>\n<p lang=\"fr-FR\" align=\"RIGHT\"><span style=\"color: #3c9194\"><em><strong>Lundi 20 novembre 2017 \u00e0 19h<\/strong><\/em><\/span><\/p>\n<p lang=\"fr-FR\"><img loading=\"lazy\" decoding=\"async\" class=\"alignleft wp-image-489 size-medium\" src=\"https:\/\/lesfleursarctiques.noblogs.org\/files\/2017\/11\/hills-have-eyes-jupiter-300x194.jpg\" alt=\"\" width=\"300\" height=\"194\" srcset=\"https:\/\/lesfleursarctiques.noblogs.org\/files\/2017\/11\/hills-have-eyes-jupiter-300x194.jpg 300w, https:\/\/lesfleursarctiques.noblogs.org\/files\/2017\/11\/hills-have-eyes-jupiter.jpg 620w\" sizes=\"auto, (max-width: 300px) 100vw, 300px\" \/>Bricol\u00e9 \u00e0 partir d&rsquo;un budget d\u00e9risoire, <i>La colline a des yeux<\/i> a tout \u00e0 voir avec <i>Massacre \u00e0 la Tron\u00e7onneuse<\/i> ou <i>The Devil&rsquo;s Reject<\/i> que nous avions projet\u00e9 il y a quelques mois dans une ambiance hilare, mais avec le c\u0153ur bien accroch\u00e9. Ambitieux dans ses intentions et primitif dans sa concr\u00e9tisation, ce film post-Vietnam dont le d\u00e9roulement a \u00e9t\u00e9 rendu archi-classique par trente ann\u00e9es de redites et de remakes, propose un scenario original <i>pour l\u2019\u00e9poque<\/i>\u00a0: Une famille pieuse avec un b\u00e9b\u00e9 sur la route en camping-car et dirig\u00e9e par un flic raciste du meilleur des crus se retrouve accidentellement au beau milieu d&rsquo;une zone d&rsquo;essais nucl\u00e9aires de l&rsquo;arm\u00e9e am\u00e9ricaine. Contraints de quitter la route par une s\u00e9rie de bizarreries, ils se retrouvent pourchass\u00e9s par une bande de locaux, bien \u00e9videment, compl\u00e8tement d\u00e9g\u00e9n\u00e9r\u00e9s, anthropophages et pervers, sortes de Flintstones cannibales avec des noms divins. La famille \u00ab\u00a0moyenne\u00a0\u00bb ici-pr\u00e9sente se r\u00e9v\u00e8le bien <i>familiale<\/i> puisqu&rsquo;elle en contient tous les tabous, les dominations et les rapports pathog\u00e8nes qui caract\u00e9risent son mode d&rsquo;organisation. Avec ce film, c&rsquo;est presque comme toujours la m\u00eame probl\u00e9matique qui transpara\u00eet dans ce cin\u00e9-club, celle d&rsquo;une sauvagerie effrayante qui r\u00e9v\u00e9lerait en retour celle refoul\u00e9e des \u00ab\u00a0honn\u00eates gens\u00a0\u00bb et de la civilisation. Ici encore, la famille d\u00e9g\u00e9n\u00e9r\u00e9e <i>versus<\/i> la famille moyenne, toutes dysfonctionnelles \u00e0 bien des \u00e9gards, servent \u00e0 montrer que m\u00eame \u00e0 son stade d&rsquo;organisation sociale le plus d\u00e9pouill\u00e9 &#8211; la famille nucl\u00e9aire &#8211; cette soci\u00e9t\u00e9 est pourrie jusqu&rsquo;\u00e0 l&rsquo;os et doit \u00eatre d\u00e9truite pour pouvoir redevenir sauvages en nos propres termes, et non ceux d&rsquo;un monde radioactif de flics, de fric et de rapports de pouvoir \u00e0 toutes les \u00e9chelles.<\/p>\n","protected":false},"excerpt":{"rendered":"<p>La colline a des yeux &#8211; Wes Craven &#8211; 1977 &#8211; 90 min &#8211; USA (Vost) Lundi 20 novembre 2017 \u00e0 19h Bricol\u00e9 \u00e0 partir d&rsquo;un budget d\u00e9risoire, La colline a des yeux a tout \u00e0 voir avec Massacre \u00e0 la Tron\u00e7onneuse ou The Devil&rsquo;s Reject que nous avions projet\u00e9 il y a quelques mois &hellip; <\/p>\n<p class=\"link-more\"><a href=\"https:\/\/lesfleursarctiques.noblogs.org\/?p=488\" class=\"more-link\">Continuer la lecture<span class=\"screen-reader-text\"> de &laquo;&nbsp;Projection de La colline a des yeux (Cycle sur la famille) &#8211; Lundi 20\/11 \u00e0 19h&nbsp;&raquo;<\/span><\/a><\/p>\n","protected":false},"author":11668,"featured_media":0,"comment_status":"open","ping_status":"open","sticky":false,"template":"","format":"standard","meta":{"footnotes":""},"categories":[1],"tags":[],"class_list":["post-488","post","type-post","status-publish","format-standard","hentry","category-general"],"_links":{"self":[{"href":"https:\/\/lesfleursarctiques.noblogs.org\/index.php?rest_route=\/wp\/v2\/posts\/488","targetHints":{"allow":["GET"]}}],"collection":[{"href":"https:\/\/lesfleursarctiques.noblogs.org\/index.php?rest_route=\/wp\/v2\/posts"}],"about":[{"href":"https:\/\/lesfleursarctiques.noblogs.org\/index.php?rest_route=\/wp\/v2\/types\/post"}],"author":[{"embeddable":true,"href":"https:\/\/lesfleursarctiques.noblogs.org\/index.php?rest_route=\/wp\/v2\/users\/11668"}],"replies":[{"embeddable":true,"href":"https:\/\/lesfleursarctiques.noblogs.org\/index.php?rest_route=%2Fwp%2Fv2%2Fcomments&post=488"}],"version-history":[{"count":4,"href":"https:\/\/lesfleursarctiques.noblogs.org\/index.php?rest_route=\/wp\/v2\/posts\/488\/revisions"}],"predecessor-version":[{"id":503,"href":"https:\/\/lesfleursarctiques.noblogs.org\/index.php?rest_route=\/wp\/v2\/posts\/488\/revisions\/503"}],"wp:attachment":[{"href":"https:\/\/lesfleursarctiques.noblogs.org\/index.php?rest_route=%2Fwp%2Fv2%2Fmedia&parent=488"}],"wp:term":[{"taxonomy":"category","embeddable":true,"href":"https:\/\/lesfleursarctiques.noblogs.org\/index.php?rest_route=%2Fwp%2Fv2%2Fcategories&post=488"},{"taxonomy":"post_tag","embeddable":true,"href":"https:\/\/lesfleursarctiques.noblogs.org\/index.php?rest_route=%2Fwp%2Fv2%2Ftags&post=488"}],"curies":[{"name":"wp","href":"https:\/\/api.w.org\/{rel}","templated":true}]}}