{"id":3588,"date":"2026-01-29T13:30:03","date_gmt":"2026-01-29T12:30:03","guid":{"rendered":"https:\/\/lesfleursarctiques.noblogs.org\/?p=3588"},"modified":"2026-03-29T17:42:49","modified_gmt":"2026-03-29T15:42:49","slug":"antifascisme-gauche-et-autonomie","status":"publish","type":"post","link":"https:\/\/lesfleursarctiques.noblogs.org\/?p=3588","title":{"rendered":"Antifascisme, gauche et autonomie"},"content":{"rendered":"\n<p>pour une critique r\u00e9volutionnaire de la rh\u00e9torique antifasciste<\/p>\n\n\n\n<p class=\"has-text-align-right has-cyan-bluish-gray-color has-white-background-color has-text-color has-background has-link-color wp-elements-7df8dcf0dc6ff37e33f15d9dd8cebcb9\"><strong>Vendredi 27 mars &#8211; 19h30<\/strong><\/p>\n\n\n\n<p class=\"has-text-align-center\"><strong>Pr\u00e9sentation et discussion autour d\u2019une brochure critique de l\u2019antifascisme et ses tendances actuelles<\/strong><\/p>\n\n\n\n<p>L\u2019antifascisme est aujourd\u2019hui le sujet tendance. De la gauche la plus molle aux aires \u00e0 pr\u00e9tention subversive en passant par l\u2019extr\u00eame-gauche, tout le monde semble \u00eatre sur le cr\u00e9neau. En juin 2024, c\u2019est l\u2019argument du barrage antifasciste qui avait permis \u00e0 la social-d\u00e9mocratie, sous le nom du Nouveau Front Populaire, de devenir la premi\u00e8re force politique \u00e0 l\u2019assembl\u00e9e. Un argument qui n\u2019a rien de nouveau, qu\u2019on nous ressort \u00e0 chaque \u00e9lection depuis plus de 20 ans, et qui permet de gommer les contradictions<br>entre gauche et aires subversives autant que les contradictions entre exploiteurs et exploit\u00e9s. Cette porosit\u00e9 a pu s\u2019installer par un affaiblissement global de la critique, o\u00f9 la critique du capitalisme a \u00e9t\u00e9 remplac\u00e9e par la critique du n\u00e9o-lib\u00e9ralisme et la critique de l\u2019\u00c9tat rogn\u00e9e par le concept de fascisation. Par ce concept, on tente de nous faire croire que tout serait fasciste ou fascisant, y compris tout ce que le d\u00e9mocratie et le capitalisme produisent d\u00e9j\u00e0 tr\u00e8s bien tout seul&nbsp;: le maintien de l\u2019ordre, la x\u00e9nophobie et le tri de l\u2019immigration par les OQTF et les CRAs, les prisons, la mise au travail\u2026<br>Ce d\u00e9voiement part d\u2019une r\u00e9alit\u00e9&nbsp;: l\u2019extr\u00eame-droite est, en France, une des principales forces politiques du pays, et des partis f\u00e9rocement nationalistes et conservateurs sont \u00e0 la t\u00eate du pouvoir plusieurs autres \u00c9tats (Italie, \u00c9tats-Unis, Hongrie, Russie, Inde, Isra\u00ebl\u2026). Si certains de ses pouvoirs se r\u00e9clament ou entretiennent encore des liens avec des nostalgiques du fascisme ou d\u2019autres r\u00e9gimes totalitaires voisins, ils se sont globalement institutionnalis\u00e9s (c\u2019est d\u2019ailleurs ce respect des r\u00e8gles du jeu d\u00e9mocratique qui leur a permis de conqu\u00e9rir ou d\u2019\u00eatre proches de conqu\u00e9rir le pouvoir par les urnes). Et si l\u2019arriv\u00e9e au pouvoir de l\u2019extr\u00eame-droite est toujours un signe fort du pourrissement politique actuel et de la mont\u00e9e des tendances x\u00e9nophobes, racistes et r\u00e9actionnaires, il est aussi clair que ces extr\u00eame-droites sont diff\u00e9rentes autant dans le forme que dans le fond du fascisme ou du nazisme du si\u00e8cle dernier. Le s\u00e9rieux que nous avons \u00e0 leur opposer m\u00e9ritent qu\u2019on puisse les analyser comme ce qu\u2019elles sont, c\u2019est-\u00e0-dire diff\u00e9rentes, et non sous la lorgnette sensationnaliste d\u2019une gauche \u00e0 l\u2019aboi&nbsp;qui manoeuvre uniquement pour tenter&nbsp;d\u2019envoyer les r\u00e9calcitrants d\u00e9poser un inique bulletin dans une urne et qui n\u2019a&nbsp;que cet argument pour vanter ses fameux \u00ab&nbsp;projets de soci\u00e9t\u00e9&nbsp;\u00bb qui ne convainquent plus personne. &nbsp;<br>Partout, ce qui semble se profiler surtout, c\u2019est la brutalit\u00e9 capitaliste g\u00e9n\u00e9ralis\u00e9e &nbsp;: c\u2019est la x\u00e9nophobie qui s\u2019exacerbe et prends la forme de chasse aux sans-papiers \u00e0 ciel ouvert comme avec ICE aux \u00c9tats-Unis ou celle de l\u2019externalisation des centres de r\u00e9tention promise dans l\u2019UE, c\u2019est la mise au travail co\u00fbte que co\u00fbte, c\u2019est le bellicisme qui augmente chaque jour o\u00f9 les \u00c9tats font s\u2019affronter leurs perspectives de pr\u00e9dation, c\u2019est la discipline qui augmente pour \u00e9touffer chaque brin de r\u00e9volte\u2026&nbsp;<br>Ces logiques transcendent de loin la sempiternelle question de l\u2019alternance gauche-droite (et maintenant extr\u00eame-droite). Il n\u2019y a qu\u2019\u00e0 voir la question de la gestion migratoire&nbsp;: que les \u00c9tats soient gouvern\u00e9s par la social-d\u00e9mocratie comme au Danemark, la droite lib\u00e9rale comme en France ou l\u2019extr\u00eame-droite comme en Italie, tous s\u2019accordent pour un raidissement abject de cette gestion.&nbsp;<br>Face \u00e0 cela, qu\u2019avons-nous \u00e0 opposer&nbsp;?&nbsp;<br>Une partie des \u00ab&nbsp;aires subversives&nbsp;\u00bb se fait la voiture-balai de la gauche \u00e9lectoraliste en proposant de faire \u00ab&nbsp;front&nbsp;\u00bb avec ceux qui nous balanceront aux flics \u00e0 la premi\u00e8re occasion, ceux qui pacifient et r\u00e9cup\u00e8rent constamment les luttes, ceux qui veulent nous faire taffer pour le \u00ab&nbsp;socialisme&nbsp;\u00bb ou autre conneries mitterrandiennes, ceux qui ne jurent que par la \u201cbataille culturelle\u201d (qui semble \u00eatre devenu, \u00e0 gauche comme \u00e0 droite, le prisme unique sous lequel envisager la lutte). Une autre partie de ces aires veut faire diff\u00e9remment mais se saborde et donne finalement de la force aux d\u00e9mocrates et leur id\u00e9ologie antifascisme en faisant de l\u2019antifascisme l\u2019alpha et l\u2019om\u00e9ga de la lutte, surtout par souci de recrutement (l\u2019antifascisme, \u00e7a \u00ab&nbsp;parlerait plus&nbsp;\u00bb que la lutte contre le Capital et l\u2019\u00c9tat).&nbsp;<br>La critique r\u00e9volutionnaire de l\u2019antifascisme n\u2019a rien d\u2019in\u00e9dite. Si une partie a pu s\u2019\u00e9garer dans des chemins peu recommandables, bas du front voire compl\u00e8tement gerbants (comme une partie de l\u2019ultra-gauche qui a vers\u00e9 dans le n\u00e9gationnisme), une autre est rest\u00e9e pertinente et \u00e9mancipatrice. C\u2019est en s\u2019inspirant de ses critiques et en les actualisant \u00e0 la situation pr\u00e9sente que nous pourrons nous d\u00e9barrasser des vieilles illusions d\u00e9mocrates et r\u00e9formateurs qui se terrent dans l\u2019omnipr\u00e9sence de la rh\u00e9torique antifasciste.&nbsp;<br>Pour ne pas achever l\u2019engloutissement des aires r\u00e9volutionnaires par la gauche, pour sortir de l\u2019interclassisme, pour retrouver des perspectives r\u00e9volutionnaires concr\u00e8tes pour faire tomber le Capital et l\u2019\u00c9tat, dans l\u2019\u00e9laboration collective et l\u2019action, il nous para\u00eet primordial de r\u00e9fl\u00e9chir et de critiquer les tendances actuelles au tout-antifascisme.&nbsp;<br>C\u2019est ce que nous nous proposons de discuter \u00e0 la biblioth\u00e8que, en partant d\u2019une brochure publi\u00e9e pour l\u2019occasion, qui sera bient\u00f4t disponible.&nbsp;<\/p>\n\n\n\n<p>En pr\u00e9vision de la discussion, retrouvez la brochure <em>Fascinations <\/em>publi\u00e9 sur Ravages Edition et \u00e9crite notamment pour l&rsquo;occasion (cliquez sur l&rsquo;image pour avoir acc\u00e8s au pdf ou retrouvez la sur le blog de Ravages Edition <a href=\"https:\/\/ravageeditions.noblogs.org\/post\/2026\/03\/20\/fascinations-alize-wonder\/\">https:\/\/ravageeditions.noblogs.org\/post\/2026\/03\/20\/fascinations-alize-wonder\/<\/a>) <\/p>\n\n\n\n<figure class=\"wp-block-image size-large\"><a href=\"https:\/\/lesfleursarctiques.noblogs.org\/files\/2026\/03\/Fascinations-2.pdf\"><img loading=\"lazy\" decoding=\"async\" width=\"722\" height=\"1024\" src=\"https:\/\/lesfleursarctiques.noblogs.org\/files\/2026\/01\/Fascinations-1_page-0001-2-722x1024.jpg\" alt=\"\" class=\"wp-image-3617\" srcset=\"https:\/\/lesfleursarctiques.noblogs.org\/files\/2026\/01\/Fascinations-1_page-0001-2-722x1024.jpg 722w, https:\/\/lesfleursarctiques.noblogs.org\/files\/2026\/01\/Fascinations-1_page-0001-2-212x300.jpg 212w, https:\/\/lesfleursarctiques.noblogs.org\/files\/2026\/01\/Fascinations-1_page-0001-2-768x1089.jpg 768w, https:\/\/lesfleursarctiques.noblogs.org\/files\/2026\/01\/Fascinations-1_page-0001-2.jpg 875w\" sizes=\"auto, (max-width: 722px) 100vw, 722px\" \/><\/a><\/figure>\n\n\n\n<p><\/p>\n","protected":false},"excerpt":{"rendered":"<p>pour une critique r\u00e9volutionnaire de la rh\u00e9torique antifasciste Vendredi 27 mars &#8211; 19h30 Pr\u00e9sentation et discussion autour d\u2019une brochure critique de l\u2019antifascisme et ses tendances actuelles L\u2019antifascisme est aujourd\u2019hui le sujet tendance. De la gauche la plus molle aux aires \u00e0 pr\u00e9tention subversive en passant par l\u2019extr\u00eame-gauche, tout le monde semble \u00eatre sur le cr\u00e9neau. &hellip; <\/p>\n<p class=\"link-more\"><a href=\"https:\/\/lesfleursarctiques.noblogs.org\/?p=3588\" class=\"more-link\">Continuer la lecture<span class=\"screen-reader-text\"> de &laquo;&nbsp;Antifascisme, gauche et autonomie&nbsp;&raquo;<\/span><\/a><\/p>\n","protected":false},"author":11668,"featured_media":0,"comment_status":"open","ping_status":"open","sticky":false,"template":"","format":"standard","meta":{"footnotes":""},"categories":[1],"tags":[],"class_list":["post-3588","post","type-post","status-publish","format-standard","hentry","category-general"],"_links":{"self":[{"href":"https:\/\/lesfleursarctiques.noblogs.org\/index.php?rest_route=\/wp\/v2\/posts\/3588","targetHints":{"allow":["GET"]}}],"collection":[{"href":"https:\/\/lesfleursarctiques.noblogs.org\/index.php?rest_route=\/wp\/v2\/posts"}],"about":[{"href":"https:\/\/lesfleursarctiques.noblogs.org\/index.php?rest_route=\/wp\/v2\/types\/post"}],"author":[{"embeddable":true,"href":"https:\/\/lesfleursarctiques.noblogs.org\/index.php?rest_route=\/wp\/v2\/users\/11668"}],"replies":[{"embeddable":true,"href":"https:\/\/lesfleursarctiques.noblogs.org\/index.php?rest_route=%2Fwp%2Fv2%2Fcomments&post=3588"}],"version-history":[{"count":6,"href":"https:\/\/lesfleursarctiques.noblogs.org\/index.php?rest_route=\/wp\/v2\/posts\/3588\/revisions"}],"predecessor-version":[{"id":3623,"href":"https:\/\/lesfleursarctiques.noblogs.org\/index.php?rest_route=\/wp\/v2\/posts\/3588\/revisions\/3623"}],"wp:attachment":[{"href":"https:\/\/lesfleursarctiques.noblogs.org\/index.php?rest_route=%2Fwp%2Fv2%2Fmedia&parent=3588"}],"wp:term":[{"taxonomy":"category","embeddable":true,"href":"https:\/\/lesfleursarctiques.noblogs.org\/index.php?rest_route=%2Fwp%2Fv2%2Fcategories&post=3588"},{"taxonomy":"post_tag","embeddable":true,"href":"https:\/\/lesfleursarctiques.noblogs.org\/index.php?rest_route=%2Fwp%2Fv2%2Ftags&post=3588"}],"curies":[{"name":"wp","href":"https:\/\/api.w.org\/{rel}","templated":true}]}}