{"id":3568,"date":"2026-01-29T13:40:46","date_gmt":"2026-01-29T12:40:46","guid":{"rendered":"https:\/\/lesfleursarctiques.noblogs.org\/?p=3568"},"modified":"2026-01-29T13:57:09","modified_gmt":"2026-01-29T12:57:09","slug":"programme-de-fevrier-a-mai-2026-a-la-bibliotheques-des-fleurs-arctiques","status":"publish","type":"post","link":"https:\/\/lesfleursarctiques.noblogs.org\/?p=3568","title":{"rendered":"Programme de f\u00e9vrier \u00e0 mai 2026 \u00e0 la biblioth\u00e8ques des Fleurs Arctiques"},"content":{"rendered":"\n<figure class=\"wp-block-image size-large\"><a href=\"https:\/\/lesfleursarctiques.noblogs.org\/files\/2026\/01\/LFA_Prog02-05.26_MEP.pdf\"><img loading=\"lazy\" decoding=\"async\" width=\"1024\" height=\"512\" src=\"https:\/\/lesfleursarctiques.noblogs.org\/files\/2026\/01\/SITE_ProgrammeLFA_02-05.26_01-1024x512.png\" alt=\"\" class=\"wp-image-3582\" srcset=\"https:\/\/lesfleursarctiques.noblogs.org\/files\/2026\/01\/SITE_ProgrammeLFA_02-05.26_01-1024x512.png 1024w, https:\/\/lesfleursarctiques.noblogs.org\/files\/2026\/01\/SITE_ProgrammeLFA_02-05.26_01-300x150.png 300w, https:\/\/lesfleursarctiques.noblogs.org\/files\/2026\/01\/SITE_ProgrammeLFA_02-05.26_01-768x384.png 768w, https:\/\/lesfleursarctiques.noblogs.org\/files\/2026\/01\/SITE_ProgrammeLFA_02-05.26_01-1536x768.png 1536w, https:\/\/lesfleursarctiques.noblogs.org\/files\/2026\/01\/SITE_ProgrammeLFA_02-05.26_01-2048x1024.png 2048w\" sizes=\"auto, (max-width: 767px) 89vw, (max-width: 1000px) 54vw, (max-width: 1071px) 543px, 580px\" \/><\/a><figcaption class=\"wp-element-caption\">Cliquez sur l\u2019image pour t\u00e9l\u00e9charger le pdf du programme<\/figcaption><\/figure>\n\n\n\n<p>Pendant ce programme \u00e0 la biblioth\u00e8que des Fleurs Arctiques, <a href=\"https:\/\/lesfleursarctiques.noblogs.org\/?p=3545\">nous discuterons de gr\u00e8ve autour de la projection du film \u00ab\u00a0Le dos au mur\u00a0\u00bb<\/a>, <a href=\"https:\/\/lesfleursarctiques.noblogs.org\/?p=3546\">de l&rsquo;histoire du l\u00e9ninisme et du retour des tankies chez les militants<\/a>, <a href=\"https:\/\/lesfleursarctiques.noblogs.org\/?p=3549\">de la question de l&rsquo;\u00e9conomie de soi dans le cadre des luttes<\/a>, <a href=\"https:\/\/lesfleursarctiques.noblogs.org\/?p=3588\">de la critique r\u00e9volutionnaire de l&rsquo;antifascisme actuel \u00e0 partir d&rsquo;une brochure publi\u00e9e pour l&rsquo;occasion<\/a>, <a href=\"https:\/\/lesfleursarctiques.noblogs.org\/?p=3595\">de l&rsquo;eug\u00e9nisme et de soci\u00e9t\u00e9 assurantielle<\/a> et de <a href=\"https:\/\/lesfleursarctiques.noblogs.org\/?p=3554\">la question du jugement et de la morale<\/a>.<\/p>\n\n\n\n<p><a href=\"https:\/\/lesfleursarctiques.noblogs.org\/?p=3550\">Nous discuterons \u00e9galement de l\u2019affaire \u00ab\u00a0Omar m&rsquo;a tuer\u00a0\u00bb dans le cadre d\u2019un d\u00e9montage judiciaire.<\/a><\/p>\n\n\n\n<p>Nous projetterons lors du cin\u00e9-club : <a href=\"https:\/\/lesfleursarctiques.noblogs.org\/?p=3443\">Les chambres rouges<\/a>, <a href=\"https:\/\/lesfleursarctiques.noblogs.org\/?p=3547\">Punch-Drunk Love<\/a>, <a href=\"https:\/\/lesfleursarctiques.noblogs.org\/?p=3548\">Une femme sous influence<\/a>, <a href=\"https:\/\/lesfleursarctiques.noblogs.org\/?p=3551\">Schizophrenia<\/a> et Les <a href=\"https:\/\/lesfleursarctiques.noblogs.org\/?p=3555\">Noces Rebelles<\/a>.<\/p>\n\n\n\n<p>Les permanences auront lieu le mardi de 16h30 \u00e0 18h30.<\/p>\n\n\n\n<p>Les <a href=\"https:\/\/lesfleursarctiques.noblogs.org\/?page_id=91\">groupes de lecture<\/a> auront lieu le dimanche \u00e0 16h30.<\/p>\n","protected":false},"excerpt":{"rendered":"<p>Pendant ce programme \u00e0 la biblioth\u00e8que des Fleurs Arctiques, nous discuterons de gr\u00e8ve autour de la projection du film \u00ab\u00a0Le dos au mur\u00a0\u00bb, de l&rsquo;histoire du l\u00e9ninisme et du retour des tankies chez les militants, de la question de l&rsquo;\u00e9conomie de soi dans le cadre des luttes, de la critique r\u00e9volutionnaire de l&rsquo;antifascisme actuel \u00e0 &hellip; <\/p>\n<p class=\"link-more\"><a href=\"https:\/\/lesfleursarctiques.noblogs.org\/?p=3568\" class=\"more-link\">Continuer la lecture<span class=\"screen-reader-text\"> de &laquo;&nbsp;Programme de f\u00e9vrier \u00e0 mai 2026 \u00e0 la biblioth\u00e8ques des Fleurs Arctiques&nbsp;&raquo;<\/span><\/a><\/p>\n","protected":false},"author":11668,"featured_media":0,"comment_status":"open","ping_status":"open","sticky":true,"template":"","format":"standard","meta":{"footnotes":""},"categories":[1],"tags":[],"class_list":["post-3568","post","type-post","status-publish","format-standard","hentry","category-general"],"_links":{"self":[{"href":"https:\/\/lesfleursarctiques.noblogs.org\/index.php?rest_route=\/wp\/v2\/posts\/3568","targetHints":{"allow":["GET"]}}],"collection":[{"href":"https:\/\/lesfleursarctiques.noblogs.org\/index.php?rest_route=\/wp\/v2\/posts"}],"about":[{"href":"https:\/\/lesfleursarctiques.noblogs.org\/index.php?rest_route=\/wp\/v2\/types\/post"}],"author":[{"embeddable":true,"href":"https:\/\/lesfleursarctiques.noblogs.org\/index.php?rest_route=\/wp\/v2\/users\/11668"}],"replies":[{"embeddable":true,"href":"https:\/\/lesfleursarctiques.noblogs.org\/index.php?rest_route=%2Fwp%2Fv2%2Fcomments&post=3568"}],"version-history":[{"count":7,"href":"https:\/\/lesfleursarctiques.noblogs.org\/index.php?rest_route=\/wp\/v2\/posts\/3568\/revisions"}],"predecessor-version":[{"id":3598,"href":"https:\/\/lesfleursarctiques.noblogs.org\/index.php?rest_route=\/wp\/v2\/posts\/3568\/revisions\/3598"}],"wp:attachment":[{"href":"https:\/\/lesfleursarctiques.noblogs.org\/index.php?rest_route=%2Fwp%2Fv2%2Fmedia&parent=3568"}],"wp:term":[{"taxonomy":"category","embeddable":true,"href":"https:\/\/lesfleursarctiques.noblogs.org\/index.php?rest_route=%2Fwp%2Fv2%2Fcategories&post=3568"},{"taxonomy":"post_tag","embeddable":true,"href":"https:\/\/lesfleursarctiques.noblogs.org\/index.php?rest_route=%2Fwp%2Fv2%2Ftags&post=3568"}],"curies":[{"name":"wp","href":"https:\/\/api.w.org\/{rel}","templated":true}]}}