{"id":3551,"date":"2026-01-28T18:38:12","date_gmt":"2026-01-28T17:38:12","guid":{"rendered":"https:\/\/lesfleursarctiques.noblogs.org\/?p=3551"},"modified":"2026-04-03T21:45:12","modified_gmt":"2026-04-03T19:45:12","slug":"schizophrenia","status":"publish","type":"post","link":"https:\/\/lesfleursarctiques.noblogs.org\/?p=3551","title":{"rendered":"Schizophrenia"},"content":{"rendered":"\n<p class=\"has-text-align-right\"><strong><mark style=\"background-color:#ffffff\" class=\"has-inline-color has-vivid-red-color\">REPORT\u00c9 AU LUNDI 13 AVRIL &#8211; 19H30<\/mark><\/strong><\/p>\n\n\n\n<p class=\"has-text-align-right\"><strong><mark style=\"background-color:#ffffff\" class=\"has-inline-color has-cyan-bluish-gray-color\">Lundi 6 avril &#8211; 19h30<\/mark><\/strong><\/p>\n\n\n<div class=\"wp-block-image\">\n<figure class=\"alignleft size-large is-resized\"><img loading=\"lazy\" decoding=\"async\" width=\"683\" height=\"1024\" src=\"https:\/\/lesfleursarctiques.noblogs.org\/files\/2026\/01\/bic5etj540m9qnj3w9zetqzpsn6-614-683x1024.jpg\" alt=\"\" class=\"wp-image-3558\" style=\"aspect-ratio:0.6669965363681346;width:342px;height:auto\" srcset=\"https:\/\/lesfleursarctiques.noblogs.org\/files\/2026\/01\/bic5etj540m9qnj3w9zetqzpsn6-614-683x1024.jpg 683w, https:\/\/lesfleursarctiques.noblogs.org\/files\/2026\/01\/bic5etj540m9qnj3w9zetqzpsn6-614-200x300.jpg 200w, https:\/\/lesfleursarctiques.noblogs.org\/files\/2026\/01\/bic5etj540m9qnj3w9zetqzpsn6-614-768x1152.jpg 768w, https:\/\/lesfleursarctiques.noblogs.org\/files\/2026\/01\/bic5etj540m9qnj3w9zetqzpsn6-614-1024x1536.jpg 1024w, https:\/\/lesfleursarctiques.noblogs.org\/files\/2026\/01\/bic5etj540m9qnj3w9zetqzpsn6-614-1365x2048.jpg 1365w, https:\/\/lesfleursarctiques.noblogs.org\/files\/2026\/01\/bic5etj540m9qnj3w9zetqzpsn6-614.jpg 1500w\" sizes=\"auto, (max-width: 683px) 100vw, 683px\" \/><\/figure>\n<\/div>\n\n\n<p class=\"has-text-align-right\"><em>Gerald Kargl<br>1983 &#8211; 83\u2019<\/em><\/p>\n\n\n\n<p>Dans ce film exp\u00e9rimental allemand, on plonge, \u00e0 la premi\u00e8re personne, dans les monologues d\u2019un tueur sanguinaire atteint de schizophr\u00e9nie. Tout juste sorti de prison apr\u00e8s avoir purg\u00e9 une longue peine pour meurtre avec pr\u00e9m\u00e9ditation, le personnage principal n\u2019a qu\u2019une id\u00e9e en t\u00eate&nbsp;: recommencer. On suivra ici son abject p\u00e9riple meurtrier plong\u00e9 dans des angles de cameras, \u00e0 la premi\u00e8re, ou plut\u00f4t \u00e0 la troisi\u00e8me personne, c\u2019est \u00e0 dire tel qu\u2019il se voit lui-m\u00eame lorsqu\u2019il se sent hors de lui, au sens propre. Le r\u00e9alisateur ne fera aucun autre film de fiction.<br>Avertissement&nbsp;: ce film est interdit aux mineurs.<\/p>\n","protected":false},"excerpt":{"rendered":"<p>REPORT\u00c9 AU LUNDI 13 AVRIL &#8211; 19H30 Lundi 6 avril &#8211; 19h30 Gerald Kargl1983 &#8211; 83\u2019 Dans ce film exp\u00e9rimental allemand, on plonge, \u00e0 la premi\u00e8re personne, dans les monologues d\u2019un tueur sanguinaire atteint de schizophr\u00e9nie. Tout juste sorti de prison apr\u00e8s avoir purg\u00e9 une longue peine pour meurtre avec pr\u00e9m\u00e9ditation, le personnage principal n\u2019a &hellip; <\/p>\n<p class=\"link-more\"><a href=\"https:\/\/lesfleursarctiques.noblogs.org\/?p=3551\" class=\"more-link\">Continuer la lecture<span class=\"screen-reader-text\"> de &laquo;&nbsp;Schizophrenia&nbsp;&raquo;<\/span><\/a><\/p>\n","protected":false},"author":11668,"featured_media":0,"comment_status":"open","ping_status":"open","sticky":true,"template":"","format":"standard","meta":{"footnotes":""},"categories":[1],"tags":[],"class_list":["post-3551","post","type-post","status-publish","format-standard","hentry","category-general"],"_links":{"self":[{"href":"https:\/\/lesfleursarctiques.noblogs.org\/index.php?rest_route=\/wp\/v2\/posts\/3551","targetHints":{"allow":["GET"]}}],"collection":[{"href":"https:\/\/lesfleursarctiques.noblogs.org\/index.php?rest_route=\/wp\/v2\/posts"}],"about":[{"href":"https:\/\/lesfleursarctiques.noblogs.org\/index.php?rest_route=\/wp\/v2\/types\/post"}],"author":[{"embeddable":true,"href":"https:\/\/lesfleursarctiques.noblogs.org\/index.php?rest_route=\/wp\/v2\/users\/11668"}],"replies":[{"embeddable":true,"href":"https:\/\/lesfleursarctiques.noblogs.org\/index.php?rest_route=%2Fwp%2Fv2%2Fcomments&post=3551"}],"version-history":[{"count":3,"href":"https:\/\/lesfleursarctiques.noblogs.org\/index.php?rest_route=\/wp\/v2\/posts\/3551\/revisions"}],"predecessor-version":[{"id":3627,"href":"https:\/\/lesfleursarctiques.noblogs.org\/index.php?rest_route=\/wp\/v2\/posts\/3551\/revisions\/3627"}],"wp:attachment":[{"href":"https:\/\/lesfleursarctiques.noblogs.org\/index.php?rest_route=%2Fwp%2Fv2%2Fmedia&parent=3551"}],"wp:term":[{"taxonomy":"category","embeddable":true,"href":"https:\/\/lesfleursarctiques.noblogs.org\/index.php?rest_route=%2Fwp%2Fv2%2Fcategories&post=3551"},{"taxonomy":"post_tag","embeddable":true,"href":"https:\/\/lesfleursarctiques.noblogs.org\/index.php?rest_route=%2Fwp%2Fv2%2Ftags&post=3551"}],"curies":[{"name":"wp","href":"https:\/\/api.w.org\/{rel}","templated":true}]}}