{"id":3550,"date":"2026-01-28T18:39:15","date_gmt":"2026-01-28T17:39:15","guid":{"rendered":"https:\/\/lesfleursarctiques.noblogs.org\/?p=3550"},"modified":"2026-04-09T13:38:54","modified_gmt":"2026-04-09T11:38:54","slug":"demontage-judiciaire-laffaire-omar-ma-tuer","status":"publish","type":"post","link":"https:\/\/lesfleursarctiques.noblogs.org\/?p=3550","title":{"rendered":"D\u00e9montage Judiciaire : L\u2019affaire \u00ab\u00a0Omar m\u2019a tuer\u00a0\u00bb"},"content":{"rendered":"\n<p class=\"has-text-align-right has-vivid-red-color has-text-color has-link-color wp-elements-7f757b2982ff30f2bd9d5173b3d8a49d\"><strong><mark style=\"background-color:#ffffff\" class=\"has-inline-color has-cyan-bluish-gray-color\"><s>Samedi 21 mars &#8211; 15h<\/s><\/mark><\/strong><br><strong>REPORT\u00c9 au samedi 4 avril 15h<\/strong><\/p>\n\n\n\n<p>Ghislaine Marchal est retrouv\u00e9e morte dans sa maison \u00e0 Mougins (Alpes-Maritime) le 24 juin 1991, avec l\u2019inscription \u00ab&nbsp;OMAR M\u2019A TUER&nbsp;\u00bb, \u00e9crit sur le mur avec le sang de la victime. Le jardinier de celle-ci, Omar Raddad, est arr\u00eat\u00e9 et inculp\u00e9 de meurtre.<br>D\u00e9fendu par Jacques Verg\u00e8s, qui \u00e9largira \u00e0 cette occasion le principe de d\u00e9fense de rupture au droit commun, il est condamn\u00e9 \u00e0 18 ans de prison ferme, est graci\u00e9 partiellement en 1996 et sort de prison en 1998.<br>Saboter la machine judiciaire implique de comprendre comment fonctionnent ses rouages quand elle s\u2019exerce, comment elle peaufine ses engrenages pour mieux nous broyer. Alors il nous a sembl\u00e9 pertinent de proposer des occasions de pratiquer ensemble des d\u00e9montages, en se donnant le loisir d\u2019accorder collectivement toute notre attention \u00e0 des d\u00e9constructions aussi m\u00e9ticuleuses que possible d\u2019affaires judiciaires pr\u00e9cises, pass\u00e9es ou actuelles, pour mieux se pr\u00e9parer \u00e0 affronter la justice et la r\u00e9pression quand nous nous retrouvons contraint de le faire. Chaque affaire est singuli\u00e8re, et toutes ou presque pourront nous int\u00e9resser, qu\u2019elles aient d\u00e9fray\u00e9 la chronique, marqu\u00e9 l\u2019Histoire ou qu\u2019elles participent d\u2019un fonctionnement quotidien d\u2019une justice toujours trop pr\u00e8s de la vie de tout un chacun, et on esp\u00e8re que comprendre ces affaires sp\u00e9cifiques nous permettra d\u2019en savoir plus sur le fonctionnement de l\u2019ensemble du dispositif, et de trouver comment s\u2019y opposer. Concr\u00e8tement, on propose un rendez- vous r\u00e9gulier et public (une fois par programme) pour plonger ensemble dans une affaire choisie pr\u00e9alablement selon les propositions ou occasions, et sur laquelle ceux et celles qui voudront le faire se seront pench\u00e9 en amont, \u00e0 partir des documents et informations qu\u2019on peut r\u00e9unir selon les cas, pour restituer aux autres \u00e0 la fois la construction de l\u2019accusation et la strat\u00e9gie de d\u00e9fense choisie ainsi que la mani\u00e8re dont elle s\u2019est \u00e9labor\u00e9e. On pourra ensuite tous discuter \u00e0 partir de ces \u00e9l\u00e9ments, en s\u2019inspirant des formes de prises en charge collective des d\u00e9fenses qui se sont d\u00e9velopp\u00e9es dans les suites de mai 68, par exemple, mais sous une forme \u00ab&nbsp;d\u00e9sactualis\u00e9e&nbsp;\u00bb, hors des enjeux imm\u00e9diats d\u2019une d\u00e9fense r\u00e9elle en cours. Pas besoin de connaissances sp\u00e9cifiques pr\u00e9alables, bien s\u00fbr, pour participer, d\u2019autant plus que le point de vue que nous choisirons d\u2019adopter c\u2019est celui de tous ceux et touts celles qui peuvent se retrouver face aux tribunaux et qui ne sont pas pr\u00eats \u00e0 laisser la machine judiciaire les broyer, et pas celui des sp\u00e9cialistes ou relais de la justice auquel trop souvent le champ libre est laiss\u00e9, parce que tout est fait pour nous conduire \u00e0 le leur abandonner. Il s\u2019agirait donc au contraire de s\u2019habituer \u00e0 ne plus d\u00e9serter le champ de l\u2019\u00e9laboration collective, et de chercher \u00e0 donner un sens concret \u00e0 la notion de d\u00e9fense collective.<\/p>\n","protected":false},"excerpt":{"rendered":"<p>Samedi 21 mars &#8211; 15hREPORT\u00c9 au samedi 4 avril 15h Ghislaine Marchal est retrouv\u00e9e morte dans sa maison \u00e0 Mougins (Alpes-Maritime) le 24 juin 1991, avec l\u2019inscription \u00ab&nbsp;OMAR M\u2019A TUER&nbsp;\u00bb, \u00e9crit sur le mur avec le sang de la victime. Le jardinier de celle-ci, Omar Raddad, est arr\u00eat\u00e9 et inculp\u00e9 de meurtre.D\u00e9fendu par Jacques Verg\u00e8s, &hellip; <\/p>\n<p class=\"link-more\"><a href=\"https:\/\/lesfleursarctiques.noblogs.org\/?p=3550\" class=\"more-link\">Continuer la lecture<span class=\"screen-reader-text\"> de &laquo;&nbsp;D\u00e9montage Judiciaire : L\u2019affaire \u00ab\u00a0Omar m\u2019a tuer\u00a0\u00bb&nbsp;&raquo;<\/span><\/a><\/p>\n","protected":false},"author":11668,"featured_media":0,"comment_status":"open","ping_status":"open","sticky":false,"template":"","format":"standard","meta":{"footnotes":""},"categories":[1],"tags":[],"class_list":["post-3550","post","type-post","status-publish","format-standard","hentry","category-general"],"_links":{"self":[{"href":"https:\/\/lesfleursarctiques.noblogs.org\/index.php?rest_route=\/wp\/v2\/posts\/3550","targetHints":{"allow":["GET"]}}],"collection":[{"href":"https:\/\/lesfleursarctiques.noblogs.org\/index.php?rest_route=\/wp\/v2\/posts"}],"about":[{"href":"https:\/\/lesfleursarctiques.noblogs.org\/index.php?rest_route=\/wp\/v2\/types\/post"}],"author":[{"embeddable":true,"href":"https:\/\/lesfleursarctiques.noblogs.org\/index.php?rest_route=\/wp\/v2\/users\/11668"}],"replies":[{"embeddable":true,"href":"https:\/\/lesfleursarctiques.noblogs.org\/index.php?rest_route=%2Fwp%2Fv2%2Fcomments&post=3550"}],"version-history":[{"count":3,"href":"https:\/\/lesfleursarctiques.noblogs.org\/index.php?rest_route=\/wp\/v2\/posts\/3550\/revisions"}],"predecessor-version":[{"id":3608,"href":"https:\/\/lesfleursarctiques.noblogs.org\/index.php?rest_route=\/wp\/v2\/posts\/3550\/revisions\/3608"}],"wp:attachment":[{"href":"https:\/\/lesfleursarctiques.noblogs.org\/index.php?rest_route=%2Fwp%2Fv2%2Fmedia&parent=3550"}],"wp:term":[{"taxonomy":"category","embeddable":true,"href":"https:\/\/lesfleursarctiques.noblogs.org\/index.php?rest_route=%2Fwp%2Fv2%2Fcategories&post=3550"},{"taxonomy":"post_tag","embeddable":true,"href":"https:\/\/lesfleursarctiques.noblogs.org\/index.php?rest_route=%2Fwp%2Fv2%2Ftags&post=3550"}],"curies":[{"name":"wp","href":"https:\/\/api.w.org\/{rel}","templated":true}]}}