{"id":3545,"date":"2026-01-27T18:49:28","date_gmt":"2026-01-27T17:49:28","guid":{"rendered":"https:\/\/lesfleursarctiques.noblogs.org\/?p=3545"},"modified":"2026-02-02T01:55:27","modified_gmt":"2026-02-02T00:55:27","slug":"projection-discussion-le-dos-au-mur","status":"publish","type":"post","link":"https:\/\/lesfleursarctiques.noblogs.org\/?p=3545","title":{"rendered":"Projection Discussion : Le dos au mur"},"content":{"rendered":"\n<p class=\"has-text-align-right\"><strong><mark style=\"background-color:#ffffff\" class=\"has-inline-color has-cyan-bluish-gray-color\">Dimanche 1er f\u00e9vrier &#8211; 15h<\/mark><\/strong><\/p>\n\n\n<div class=\"wp-block-image\">\n<figure class=\"alignleft size-full is-resized\"><img loading=\"lazy\" decoding=\"async\" width=\"299\" height=\"168\" src=\"https:\/\/lesfleursarctiques.noblogs.org\/files\/2026\/01\/images.jpg\" alt=\"\" class=\"wp-image-3556\" style=\"width:342px;height:auto\" \/><\/figure>\n<\/div>\n\n\n<p class=\"has-text-align-right\"><em>Jean-Pierre Thorn<br>1981 &#8211; 105\u2019<\/em><\/p>\n\n\n\n<p>En 1979, le trust fran\u00e7ais du secteur des transports Alsthom (devenu Alstom depuis) connait plusieurs gr\u00e8ves dans ses usines, alors que le groupe est en train de participer \u00e0 un des plus gros programmes \u00e9lectronucl\u00e9aires vu en France. En septembre, \u00e0 Belfort en Franche-Comt\u00e9, la grogne monte sur la question des salaires et des conditions de travail et l\u2019occupation de l\u2019usine qui rassemble 7000 salari\u00e9s est d\u00e9cid\u00e9e. D\u00e9but octobre, dans l\u2019usine de Saint-Ouen en banlieue parisienne, on embo\u00eete le pas\u00a0: la gr\u00e8ve s\u2019organise, l\u2019occupation est vot\u00e9e, les portes soud\u00e9es et la production bloqu\u00e9e. Une partie des ouvriers s\u2019affronte aux petits chefs de la ma\u00eetrise et aux patrons, et aux jaunes qui veulent eux reprendre le travail. La CGT et la CFDT soutiennent la gr\u00e8ve. Jean-Pierre Thorn, cin\u00e9aste militant et ancien ouvrier mao \u00e9tabli \u00e0 l\u2019usine retourne dans l\u2019usine avec une petite \u00e9quipe (dont des membres de l\u2019ancien collectif Cin\u00e9-Lutte) et une cam\u00e9ra pour donner la parole aux ouvriers et filmer la gr\u00e8ve de l\u2019int\u00e9rieur.<br>Le film retrace les d\u00e9buts de l\u2019organisation du quotidien dans la gr\u00e8ve, les perspectives des diff\u00e9rents protagonistes mais aussi les conflits dans les comit\u00e9s entre direction syndicale et ouvriers. Il donne acc\u00e8s \u00e0 de nombreuses discussions sur des questions importantes pour les gr\u00e9vistes comme la question de la violence et du sabotage (surtout quand la gr\u00e8ve plus \u00ab\u00a0classique\u00a0\u00bb patine), celle des mani\u00e8res de s\u2019ouvrir pour ne pas se retrouver isol\u00e9s et celle de la gestion de la r\u00e9pression. La cam\u00e9ra capture aussi nombre de moments de l\u00e9g\u00e8ret\u00e9, d\u2019\u00e9changes et d\u2019enthousiasme que permettent la fin du travail et l\u2019affrontement avec les patrons mais aussi les d\u00e9sillusions et les espoirs d\u00e9\u00e7us. Autant d\u2019images et de sons qui pourront nous aider \u00e0 r\u00e9fl\u00e9chir \u00e0 ces questions inh\u00e9rentes \u00e0 chaque lutte.<br>\u00c7a sera aussi l\u2019occasion de s\u2019interroger \u00e0 partir du film et d\u2019autres exemples sur la pratique du cin\u00e9ma militant et des images dans et depuis les terrains de luttes. Le cin\u00e9ma militant a certainement \u00e9t\u00e9 un moyen d\u2019amplifier l\u2019\u00e9cho des luttes, de diffuser des pratiques, ou de retranscrire les d\u00e9bats foisonnants qui peuvent y prendre place. Mais aussi un outil de propagande fait pour \u00ab\u00a0conscientiser les masses\u00a0\u00bb pour les partis (comme le PC ou la CGT en France) ou des \u00c9tats et leurs id\u00e9ologies. Est-ce qu\u2019un cin\u00e9ma militant v\u00e9ritablement subversif est possible\u00a0?<br>On pourra se reporter pour cette discussion aux deux liasses des archives Getaway\u00a0Intervenir par l\u2019image\u00a0<a href=\"https:\/\/getaway.eu.org\/IMG\/pdf\/liasse4_cinema1_web.pdf\">1<\/a> et <a href=\"https:\/\/getaway.eu.org\/IMG\/pdf\/liasse_4_cinema2.pdf\">2<\/a>.<\/p>\n","protected":false},"excerpt":{"rendered":"<p>Dimanche 1er f\u00e9vrier &#8211; 15h Jean-Pierre Thorn1981 &#8211; 105\u2019 En 1979, le trust fran\u00e7ais du secteur des transports Alsthom (devenu Alstom depuis) connait plusieurs gr\u00e8ves dans ses usines, alors que le groupe est en train de participer \u00e0 un des plus gros programmes \u00e9lectronucl\u00e9aires vu en France. En septembre, \u00e0 Belfort en Franche-Comt\u00e9, la grogne &hellip; <\/p>\n<p class=\"link-more\"><a href=\"https:\/\/lesfleursarctiques.noblogs.org\/?p=3545\" class=\"more-link\">Continuer la lecture<span class=\"screen-reader-text\"> de &laquo;&nbsp;Projection Discussion : Le dos au mur&nbsp;&raquo;<\/span><\/a><\/p>\n","protected":false},"author":11668,"featured_media":0,"comment_status":"open","ping_status":"open","sticky":false,"template":"","format":"standard","meta":{"footnotes":""},"categories":[1],"tags":[],"class_list":["post-3545","post","type-post","status-publish","format-standard","hentry","category-general"],"_links":{"self":[{"href":"https:\/\/lesfleursarctiques.noblogs.org\/index.php?rest_route=\/wp\/v2\/posts\/3545","targetHints":{"allow":["GET"]}}],"collection":[{"href":"https:\/\/lesfleursarctiques.noblogs.org\/index.php?rest_route=\/wp\/v2\/posts"}],"about":[{"href":"https:\/\/lesfleursarctiques.noblogs.org\/index.php?rest_route=\/wp\/v2\/types\/post"}],"author":[{"embeddable":true,"href":"https:\/\/lesfleursarctiques.noblogs.org\/index.php?rest_route=\/wp\/v2\/users\/11668"}],"replies":[{"embeddable":true,"href":"https:\/\/lesfleursarctiques.noblogs.org\/index.php?rest_route=%2Fwp%2Fv2%2Fcomments&post=3545"}],"version-history":[{"count":3,"href":"https:\/\/lesfleursarctiques.noblogs.org\/index.php?rest_route=\/wp\/v2\/posts\/3545\/revisions"}],"predecessor-version":[{"id":3571,"href":"https:\/\/lesfleursarctiques.noblogs.org\/index.php?rest_route=\/wp\/v2\/posts\/3545\/revisions\/3571"}],"wp:attachment":[{"href":"https:\/\/lesfleursarctiques.noblogs.org\/index.php?rest_route=%2Fwp%2Fv2%2Fmedia&parent=3545"}],"wp:term":[{"taxonomy":"category","embeddable":true,"href":"https:\/\/lesfleursarctiques.noblogs.org\/index.php?rest_route=%2Fwp%2Fv2%2Fcategories&post=3545"},{"taxonomy":"post_tag","embeddable":true,"href":"https:\/\/lesfleursarctiques.noblogs.org\/index.php?rest_route=%2Fwp%2Fv2%2Ftags&post=3545"}],"curies":[{"name":"wp","href":"https:\/\/api.w.org\/{rel}","templated":true}]}}