{"id":3046,"date":"2024-06-15T20:23:56","date_gmt":"2024-06-15T18:23:56","guid":{"rendered":"https:\/\/lesfleursarctiques.noblogs.org\/?p=3046"},"modified":"2024-06-25T22:39:05","modified_gmt":"2024-06-25T20:39:05","slug":"ni-populaire-ni-national-ni-republicain-revolution","status":"publish","type":"post","link":"https:\/\/lesfleursarctiques.noblogs.org\/?p=3046","title":{"rendered":"NI POPULAIRE NI NATIONAL NI REPUBLICAIN ! REVOLUTION !"},"content":{"rendered":"<p><a href=\"https:\/\/lesfleursarctiques.noblogs.org\/files\/2024\/06\/Tract-europeennes-IMP.pdf\"><img loading=\"lazy\" decoding=\"async\" class=\"aligncenter wp-image-3050 size-full\" src=\"https:\/\/lesfleursarctiques.noblogs.org\/files\/2024\/06\/Tract-europeennes-IMP_page-0002.jpg\" alt=\"\" width=\"875\" height=\"1241\" srcset=\"https:\/\/lesfleursarctiques.noblogs.org\/files\/2024\/06\/Tract-europeennes-IMP_page-0002.jpg 875w, https:\/\/lesfleursarctiques.noblogs.org\/files\/2024\/06\/Tract-europeennes-IMP_page-0002-212x300.jpg 212w, https:\/\/lesfleursarctiques.noblogs.org\/files\/2024\/06\/Tract-europeennes-IMP_page-0002-722x1024.jpg 722w, https:\/\/lesfleursarctiques.noblogs.org\/files\/2024\/06\/Tract-europeennes-IMP_page-0002-768x1089.jpg 768w\" sizes=\"auto, (max-width: 767px) 89vw, (max-width: 1000px) 54vw, (max-width: 1071px) 543px, 580px\" \/><\/a><\/p>\n<p><a href=\"https:\/\/lesfleursarctiques.noblogs.org\/files\/2024\/06\/Tract-europeennes-IMP.pdf\"><img loading=\"lazy\" decoding=\"async\" class=\"wp-image-3049 size-full\" src=\"https:\/\/lesfleursarctiques.noblogs.org\/files\/2024\/06\/Tract-europeennes-IMP_page-0001.jpg\" alt=\"\" width=\"873\" height=\"1241\" srcset=\"https:\/\/lesfleursarctiques.noblogs.org\/files\/2024\/06\/Tract-europeennes-IMP_page-0001.jpg 873w, https:\/\/lesfleursarctiques.noblogs.org\/files\/2024\/06\/Tract-europeennes-IMP_page-0001-211x300.jpg 211w, https:\/\/lesfleursarctiques.noblogs.org\/files\/2024\/06\/Tract-europeennes-IMP_page-0001-720x1024.jpg 720w, https:\/\/lesfleursarctiques.noblogs.org\/files\/2024\/06\/Tract-europeennes-IMP_page-0001-768x1092.jpg 768w\" sizes=\"auto, (max-width: 767px) 89vw, (max-width: 1000px) 54vw, (max-width: 1071px) 543px, 580px\" \/><\/a><\/p>\n<p><strong style=\"font-size: 1rem\">NI POPULAIRE NI NATIONAL NI REPUBLICAIN<small class=\"fine\">\u00a0<\/small>!<\/strong><\/p>\n<p>\u00ab<small class=\"fine\">\u00a0<\/small>Tous les gouvernements se valent et les anarchistes n\u2019en veulent aucun\u2026<small class=\"fine\">\u00a0<\/small>\u00bb, Victor Serge, M\u00e9moires d\u2019un r\u00e9volutionnaire.<\/p>\n<p>Les r\u00e9sultats des \u00e9lections europ\u00e9ennes sont tomb\u00e9s. Avec surprise (ou pas), le\u00a0<span class=\"caps\">RN<\/span>\u00a0est le grand vainqueur et d\u00e9croche plus de 30% des si\u00e8ges, loin devant Renaissance. Suite \u00e0 ces r\u00e9sultats, Macron a annonc\u00e9 dissoudre l\u2019assembl\u00e9e nationale. Des \u00e9lections l\u00e9gislatives sont donc pr\u00e9vues dans quelques semaines. Depuis, toutes les figures de la gauche parlementaire et extra-parlementaire sont aux abois et appellent au fameux barrage contre l\u2019extr\u00eame droite (le m\u00eame qui a men\u00e9 Chirac ou Macron au pouvoir, ces figures de la subversion). Un barrage nomm\u00e9 \u00ab<small class=\"fine\">\u00a0<\/small>Nouveau Front populaire<small class=\"fine\">\u00a0<\/small>\u00bb, en r\u00e9f\u00e9rence \u00e0 celui de 1936, qui avait entre autres n\u00e9goci\u00e9 la paix sociale \u00e0 coups de r\u00e9formes pour mettre fin aux gr\u00e8ves massives de 36 dans les usines et abandonn\u00e9 les antifascistes espagnols se battant contre Franco, dans un moment o\u00f9 l\u2019hypoth\u00e8se r\u00e9volutionnaire \u00e9tait plus que tangible.<\/p>\n<p>S\u2019il est en effet gla\u00e7ant d\u2019observer les r\u00e9sultats obtenus par le\u00a0<span class=\"caps\">RN<\/span>, il est aussi insupportable de voir la gauche agiter sa propagande \u00e9lectoraliste \u00e0 coups de menaces (le fascisme est aux portes de la France<small class=\"fine\">\u00a0<\/small>!) et de le\u00e7ons de morale aux abstentionnistes, (qui ont certainement l\u2019analyse du vote la plus juste)\u00a0: \u00ab<small class=\"fine\">\u00a0<\/small>si vous ne votez pas, alors\u00a0<span class=\"caps\">VOUS<\/span>\u00a0donnez le pouvoir \u00e0 l\u2019extr\u00eame droite<small class=\"fine\">\u00a0<\/small>\u00bb. Tout est ainsi possible, toutes les compositions les plus abjectes sont imaginables\u00a0: \u00ab<small class=\"fine\">\u00a0<\/small>la\u00a0<span class=\"caps\">LFI<\/span>\u00a0a tenu des propos ambigus vis-\u00e0-vis du g\u00e9nocide Ou\u00efghour, est pro-Assad et antis\u00e9mite<small class=\"fine\">\u00a0<\/small>? On le sait bien<small class=\"fine\">\u00a0<\/small>! Mais voil\u00e0, on n\u2019est pas l\u00e0 pour faire dans la dentelle<small class=\"fine\">\u00a0<\/small>!<small class=\"fine\">\u00a0<\/small>\u00bb. La politique c\u2019est important, et l\u2019\u00e9thique ce serait pour les petits-bourgeois privil\u00e9gi\u00e9s qui ont le luxe de ne pas aller voter. Refuser de participer aux \u00e9lections, refuser de se penser \u00ab<small class=\"fine\">\u00a0<\/small>repr\u00e9sent\u00e9<small class=\"fine\">\u00a0<\/small>\u00bb par qui que ce soit, seraient des postures de \u00ab<small class=\"fine\">\u00a0<\/small>radicools<small class=\"fine\">\u00a0<\/small>\u00bb. Et on chie ici all\u00e8grement sur toute l\u2019histoire des mouvements r\u00e9volutionnaires et de la critique de la d\u00e9mocratie, afin de garantir \u00e0 des politicards de pouvoir garnir les rangs de l\u2019assembl\u00e9e, ramasser leurs salaires et se foutre de notre gueule pendant encore bien longtemps.<\/p>\n<p>La panique, sans doute justifi\u00e9e, vis-\u00e0-vis de l\u2019extr\u00eame droite laisse libre cours, chez ceux qui se sentent pousser des ailes citoyennistes en p\u00e9riode \u00e9lectorale, \u00e0 la d\u00e9ferlante paresseuse de compromis majeurs\u00a0: la fin justifie les moyens<small class=\"fine\">\u00a0<\/small>!\u00a0<span class=\"caps\">TOUT<\/span>\u00a0plut\u00f4t que l\u2019extr\u00eame droite<small class=\"fine\">\u00a0<\/small>? La rh\u00e9torique du moins pire, ce racket intellectuel permanent nous rend aveugle et nous enl\u00e8ve toute facult\u00e9 de penser et d\u2019agir par nos propres moyens.<\/p>\n<p><strong><span class=\"caps\">ON<\/span>\u00a0<span class=\"caps\">SE<\/span>\u00a0<span class=\"caps\">FOUT<\/span>\u00a0<span class=\"caps\">DE<\/span>\u00a0<span class=\"caps\">NOUS<\/span><small class=\"fine\">\u00a0<\/small>!<\/strong>\u00a0On nous appelle maintenant \u00e0 voter et constituer un front avec tous les partis de gauche qui, et ce depuis toujours, appellent aux r\u00e9formes pour une\u00ab<small class=\"fine\">\u00a0<\/small>bonne<small class=\"fine\">\u00a0<\/small>\u00bb police, un travail \u00ab<small class=\"fine\">\u00a0<\/small>inclusif<small class=\"fine\">\u00a0<\/small>\u00bb, ou un capitalisme \u00ab<small class=\"fine\">\u00a0<\/small>plus \u00e9colo<small class=\"fine\">\u00a0<\/small>\u00bb ou \u00ab<small class=\"fine\">\u00a0<\/small>plus social<small class=\"fine\">\u00a0<\/small>\u00bb. Des partis qui pr\u00f4nent eux-aussi un contr\u00f4le de l\u2019immigration aux fronti\u00e8res mais cette fois-ci aur\u00e9ol\u00e9 des vertus du \u00ab<small class=\"fine\">\u00a0<\/small>protectionnisme<small class=\"fine\">\u00a0<\/small>\u00bb contre le lib\u00e9ralisme \u00e9conomique. Des partis eux-aussi nationalistes et souverainistes, deux concepts largement usit\u00e9s parle fascisme dans leurs versions les plus extr\u00eames, mais qui portent toujours intrins\u00e8quement en-eux la possibilit\u00e9 d\u2019une passerelle vers la r\u00e9action.<\/p>\n<p><strong><span class=\"caps\">PAS<\/span>\u00a0D\u2019<span class=\"caps\">AN<\/span>\u00a0=\u00a0<span class=\"caps\">PAS<\/span>\u00a0<span class=\"caps\">DE<\/span>\u00a0<span class=\"caps\">RN<\/span><small class=\"fine\">\u00a0<\/small>! A\u00a0<span class=\"caps\">BAS<\/span>\u00a0L\u2019<span class=\"caps\">ETAT<\/span><small class=\"fine\">\u00a0<\/small>!<\/strong><\/p>\n<p>\u00c0 tous ceux qui, sinc\u00e8rement inquiets et r\u00e9volt\u00e9s de l\u2019arriv\u00e9e de l\u2019extr\u00eame droite au pouvoir ne voient malheureusement d\u2019autres choix que d\u2019aller se soumettre, parfois la mort dans l\u2019\u00e2me, face au premier parti de gauche venu et \u00e0 son discours culpabilisant tout en sachant que cela ne changera pas grand-chose \u00e0 ce monde d\u2019exploitation\u00a0: l\u2019urne n\u2019est qu\u2019un chantage parmi d\u2019autres du syst\u00e8me d\u00e9mocratique. Nous prendrons notre libert\u00e9 par d\u2019autres pratiques,celles qui portent une conflictualit\u00e9 avec tout pouvoir. Ces pratiques sont loin d\u2019\u00eatre des postures, n\u2019en d\u00e9plaise aux influenceurs de gauche qui voudraient nous faire avaler qu\u2019un \u00ab<small class=\"fine\">\u00a0<\/small>front de gauche antifasciste<small class=\"fine\">\u00a0<\/small>\u00bb est l\u2019horizon ind\u00e9passable de toute perspective d\u2019\u00e9mancipation. Nous ne sommes pas dupes\u00a0: ce chantage, nous le connaissons bien, car c\u2019est ainsi que l\u2019\u00c9tat d\u00e9mocratique fonctionne et assure sa propre reproduction.<\/p>\n<p>Car le vote pourrait bien \u00eatre pr\u00e9cis\u00e9ment ce qui donne le pouvoir au\u00a0<span class=\"caps\">RN<\/span>, et ce qui, dans tous les cas, ne sera que ce qui assoit, encore et toujours, la conservation de l\u2019existant. Le vote n\u2019a jamais \u00e9t\u00e9 autre chose\u00a0: il ne sera jamais un acte de r\u00e9bellion mais bien toujours un acte de soumission \u00e0 ce monde et \u00e0 ceux qui nous volent notre vie. Si la d\u00e9mocratie porte au pouvoir le\u00a0<span class=\"caps\">RN<\/span>\u00a0dans 1 mois ou dans 3 ans, ceux qui appellent au barrage dans les urnes aujourd\u2019hui resteront-ils dans leurs chaumi\u00e8res car le \u201cpeuple souverain\u201d aura fait son choix<small class=\"fine\">\u00a0<\/small>? Si la gauche arrive au pouvoir, resteront-ils les bras crois\u00e9s en regardant celle-ci g\u00e9rer elle-m\u00eame les commissariats, les prisons, les antennes France Travail et les CRAs (comme elle l\u2019a d\u00e9j\u00e0 fait \u00e0 chaque fois qu\u2019elle a \u00e9t\u00e9 port\u00e9e au pouvoir)<small class=\"fine\">\u00a0<\/small>?<\/p>\n<p>Nous voyons aussi venir celles et ceux qui appelleront \u00e0 un \u201cbarrage antifasciste\u201d non seulement dans les urnes, mais dans la rue. Pour ces deux barrages, la question reste la m\u00eame, il s\u2019agit de savoir ce que nous voulons. Car un antifascisme mou, des urnes ou de la rue, qui se borne \u00e0 se battre contre le\u00a0<span class=\"caps\">RN<\/span>\u00a0au profit de la gauche ne m\u00e8nera jamais \u00e0 la destruction du capitalisme ou de l\u2019\u00c9tat et \u00e0 notre libert\u00e9, mais seulement \u00e0 faire les petites mains pour ceux qui seront nos prochains ma\u00eetres et nos prochains patrons. Ce que nous voulons, c\u2019est la mort de la d\u00e9mocratie, des partis, du travail, des nations, de l\u2019\u00c9tat et du capitalisme\u00a0: c\u2019est la R\u00e9volution<small class=\"fine\">\u00a0<\/small>!<\/p>\n<p>Pour les l\u00e9gislatives, nous serons nombreux \u00e0 ne pas aller voter, \u00e0 n\u2019en avoir rien \u00e0 foutre des le\u00e7ons de morale, rien \u00e0 foutre des tentatives de s\u00e9duction de la gauche, rien \u00e0 foutre de s\u2019ils r\u00e9ussiront, ou pas, \u00e0 faire carri\u00e8re sur le dos de notre mis\u00e8re. D\u00e9sertons les bureaux de vote, allons dans la rue porter la conflictualit\u00e9 et la subversion contre ce monde et ses magouilles politicardes que plus personne ne supporte<small class=\"fine\">\u00a0<\/small>!<\/p>\n<p>Petit \u00e0 petit, fleurissent des appels \u00e0 se rassembler, \u00e0 bloquer, \u00e0 manifester. D\u00e9bordons ces rassemblements uniquement appel\u00e9s sur des mots d\u2019ordre purement frontistes et conservateurs, \u00e9largissons notre r\u00e9volte au syst\u00e8me d\u00e9mocratique qui a toujours su faire la part belle au populisme et au fascisme, organisons-nous pour faire exister des possibilit\u00e9s \u00e9mancipatrices, r\u00e9volutionnaires, qui viendront chambouler nos quotidiens.<\/p>\n<p><strong><span class=\"caps\">GREVES<\/span>,\u00a0<span class=\"caps\">BLOCAGES<\/span>,\u00a0<span class=\"caps\">MANIFS<\/span>\u00a0<span class=\"caps\">SAUVAGES<\/span>,\u00a0<span class=\"caps\">EMEUTES<\/span>, R\u00c9<span class=\"caps\">VOLUTION<\/span><small class=\"fine\">\u00a0<\/small>!!<\/strong><\/p>\n<div class=\"spip spip-block-right\" style=\"text-align: right\"><img loading=\"lazy\" decoding=\"async\" class=\"br-auto\" title=\"Retour ligne automatique\" src=\"https:\/\/rebellyon.info\/local\/cache-vignettes\/L10xH10\/br-auto-10-8beb9.png?1616933097\" alt=\"Retour ligne automatique\" width=\"10\" height=\"10\" \/><br class=\"autobr\" \/>Des allergiques \u00e0 tous les fronts<\/div>\n<div><\/div>\n<div><\/div>\n<div><\/div>\n","protected":false},"excerpt":{"rendered":"<p>NI POPULAIRE NI NATIONAL NI REPUBLICAIN\u00a0! \u00ab\u00a0Tous les gouvernements se valent et les anarchistes n\u2019en veulent aucun\u2026\u00a0\u00bb, Victor Serge, M\u00e9moires d\u2019un r\u00e9volutionnaire. Les r\u00e9sultats des \u00e9lections europ\u00e9ennes sont tomb\u00e9s. Avec surprise (ou pas), le\u00a0RN\u00a0est le grand vainqueur et d\u00e9croche plus de 30% des si\u00e8ges, loin devant Renaissance. Suite \u00e0 ces r\u00e9sultats, Macron a annonc\u00e9 dissoudre &hellip; <\/p>\n<p class=\"link-more\"><a href=\"https:\/\/lesfleursarctiques.noblogs.org\/?p=3046\" class=\"more-link\">Continuer la lecture<span class=\"screen-reader-text\"> de &laquo;&nbsp;NI POPULAIRE NI NATIONAL NI REPUBLICAIN ! REVOLUTION !&nbsp;&raquo;<\/span><\/a><\/p>\n","protected":false},"author":11668,"featured_media":0,"comment_status":"open","ping_status":"open","sticky":false,"template":"","format":"standard","meta":{"footnotes":""},"categories":[1],"tags":[],"class_list":["post-3046","post","type-post","status-publish","format-standard","hentry","category-general"],"_links":{"self":[{"href":"https:\/\/lesfleursarctiques.noblogs.org\/index.php?rest_route=\/wp\/v2\/posts\/3046","targetHints":{"allow":["GET"]}}],"collection":[{"href":"https:\/\/lesfleursarctiques.noblogs.org\/index.php?rest_route=\/wp\/v2\/posts"}],"about":[{"href":"https:\/\/lesfleursarctiques.noblogs.org\/index.php?rest_route=\/wp\/v2\/types\/post"}],"author":[{"embeddable":true,"href":"https:\/\/lesfleursarctiques.noblogs.org\/index.php?rest_route=\/wp\/v2\/users\/11668"}],"replies":[{"embeddable":true,"href":"https:\/\/lesfleursarctiques.noblogs.org\/index.php?rest_route=%2Fwp%2Fv2%2Fcomments&post=3046"}],"version-history":[{"count":5,"href":"https:\/\/lesfleursarctiques.noblogs.org\/index.php?rest_route=\/wp\/v2\/posts\/3046\/revisions"}],"predecessor-version":[{"id":3055,"href":"https:\/\/lesfleursarctiques.noblogs.org\/index.php?rest_route=\/wp\/v2\/posts\/3046\/revisions\/3055"}],"wp:attachment":[{"href":"https:\/\/lesfleursarctiques.noblogs.org\/index.php?rest_route=%2Fwp%2Fv2%2Fmedia&parent=3046"}],"wp:term":[{"taxonomy":"category","embeddable":true,"href":"https:\/\/lesfleursarctiques.noblogs.org\/index.php?rest_route=%2Fwp%2Fv2%2Fcategories&post=3046"},{"taxonomy":"post_tag","embeddable":true,"href":"https:\/\/lesfleursarctiques.noblogs.org\/index.php?rest_route=%2Fwp%2Fv2%2Ftags&post=3046"}],"curies":[{"name":"wp","href":"https:\/\/api.w.org\/{rel}","templated":true}]}}