{"id":3011,"date":"2024-06-10T01:07:37","date_gmt":"2024-06-09T23:07:37","guid":{"rendered":"https:\/\/lesfleursarctiques.noblogs.org\/?p=3011"},"modified":"2024-07-13T01:06:15","modified_gmt":"2024-07-12T23:06:15","slug":"programme-de-la-bibliotheque-pour-juin-et-juillet-2024","status":"publish","type":"post","link":"https:\/\/lesfleursarctiques.noblogs.org\/?p=3011","title":{"rendered":"Programme de la biblioth\u00e8que pour juin et juillet 2024"},"content":{"rendered":"<p>&nbsp;<\/p>\n<figure id=\"attachment_3067\" aria-describedby=\"caption-attachment-3067\" style=\"width: 2560px\" class=\"wp-caption aligncenter\"><a href=\"https:\/\/lesfleursarctiques.noblogs.org\/files\/2024\/06\/LFA-Prog-06-07.24.pdf\"><img loading=\"lazy\" decoding=\"async\" class=\"wp-image-3067 size-full\" src=\"https:\/\/lesfleursarctiques.noblogs.org\/files\/2024\/06\/SITE-LFA-Prog-06-07.24-01-scaled.jpg\" alt=\"\" width=\"2560\" height=\"1280\" srcset=\"https:\/\/lesfleursarctiques.noblogs.org\/files\/2024\/06\/SITE-LFA-Prog-06-07.24-01-scaled.jpg 2560w, https:\/\/lesfleursarctiques.noblogs.org\/files\/2024\/06\/SITE-LFA-Prog-06-07.24-01-300x150.jpg 300w, https:\/\/lesfleursarctiques.noblogs.org\/files\/2024\/06\/SITE-LFA-Prog-06-07.24-01-1024x512.jpg 1024w, https:\/\/lesfleursarctiques.noblogs.org\/files\/2024\/06\/SITE-LFA-Prog-06-07.24-01-768x384.jpg 768w, https:\/\/lesfleursarctiques.noblogs.org\/files\/2024\/06\/SITE-LFA-Prog-06-07.24-01-1536x768.jpg 1536w, https:\/\/lesfleursarctiques.noblogs.org\/files\/2024\/06\/SITE-LFA-Prog-06-07.24-01-2048x1024.jpg 2048w\" sizes=\"auto, (max-width: 767px) 89vw, (max-width: 1000px) 54vw, (max-width: 1071px) 543px, 580px\" \/><\/a><figcaption id=\"caption-attachment-3067\" class=\"wp-caption-text\">Cliquer sur l\u2019image pou t\u00e9l\u00e9charger le pdf du programme complet<\/figcaption><\/figure>\n<p>Pendant ce programme \u00e0 la biblioth\u00e8que des Fleurs Arctiques, nous discuterons du <a href=\"https:\/\/lesfleursarctiques.noblogs.org\/?p=3025\">huiti\u00e8me num\u00e9ro du journal d&rsquo;agitation <em>Mauvais Sang<\/em><\/a> et de <a href=\"https:\/\/lesfleursarctiques.noblogs.org\/?p=3029\">d\u00e9stabilisation politique<\/a>.<\/p>\n<p>Nous projetterons lors du cin\u00e9-club : <a href=\"https:\/\/lesfleursarctiques.noblogs.org\/?p=3018\">A tombeau ouvert<\/a>, <a href=\"https:\/\/lesfleursarctiques.noblogs.org\/?p=3022\">Jimmy P. (Psychoth\u00e9rapie d\u2019un Indien des Plaines)<\/a> et <a href=\"https:\/\/lesfleursarctiques.noblogs.org\/?p=2927\">Marie Reilly<\/a>.<em><br \/>\n<\/em><\/p>\n<p>Les permanences auront lieues le jeudi de 16h \u00e0 18h et les groupes de lecture le dimanche \u00e0 16h30.<\/p>\n<p>Nous vous invitons \u00e9galement \u00e0 une <a href=\"https:\/\/lesfleursarctiques.noblogs.org\/?p=3031\">soir\u00e9e de soutien \u00e0 la biblioth\u00e8que<\/a> le samedi 6 juillet !<\/p>\n<figure id=\"attachment_3068\" aria-describedby=\"caption-attachment-3068\" style=\"width: 2560px\" class=\"wp-caption aligncenter\"><a href=\"https:\/\/lesfleursarctiques.noblogs.org\/files\/2024\/06\/LFA-Prog-06-07.24.pdf\"><img loading=\"lazy\" decoding=\"async\" class=\"wp-image-3068 size-full\" src=\"https:\/\/lesfleursarctiques.noblogs.org\/files\/2024\/06\/SITE-LFA-Prog-06-07.24-02-scaled.jpg\" alt=\"\" width=\"2560\" height=\"1280\" srcset=\"https:\/\/lesfleursarctiques.noblogs.org\/files\/2024\/06\/SITE-LFA-Prog-06-07.24-02-scaled.jpg 2560w, https:\/\/lesfleursarctiques.noblogs.org\/files\/2024\/06\/SITE-LFA-Prog-06-07.24-02-300x150.jpg 300w, https:\/\/lesfleursarctiques.noblogs.org\/files\/2024\/06\/SITE-LFA-Prog-06-07.24-02-1024x512.jpg 1024w, https:\/\/lesfleursarctiques.noblogs.org\/files\/2024\/06\/SITE-LFA-Prog-06-07.24-02-768x384.jpg 768w, https:\/\/lesfleursarctiques.noblogs.org\/files\/2024\/06\/SITE-LFA-Prog-06-07.24-02-1536x768.jpg 1536w, https:\/\/lesfleursarctiques.noblogs.org\/files\/2024\/06\/SITE-LFA-Prog-06-07.24-02-2048x1024.jpg 2048w\" sizes=\"auto, (max-width: 767px) 89vw, (max-width: 1000px) 54vw, (max-width: 1071px) 543px, 580px\" \/><\/a><figcaption id=\"caption-attachment-3068\" class=\"wp-caption-text\">Cliquer sur l\u2019image pou t\u00e9l\u00e9charger le pdf du programme complet<\/figcaption><\/figure>\n<p>&nbsp;<\/p>\n","protected":false},"excerpt":{"rendered":"<p>&nbsp; Pendant ce programme \u00e0 la biblioth\u00e8que des Fleurs Arctiques, nous discuterons du huiti\u00e8me num\u00e9ro du journal d&rsquo;agitation Mauvais Sang et de d\u00e9stabilisation politique. Nous projetterons lors du cin\u00e9-club : A tombeau ouvert, Jimmy P. (Psychoth\u00e9rapie d\u2019un Indien des Plaines) et Marie Reilly. Les permanences auront lieues le jeudi de 16h \u00e0 18h et les &hellip; <\/p>\n<p class=\"link-more\"><a href=\"https:\/\/lesfleursarctiques.noblogs.org\/?p=3011\" class=\"more-link\">Continuer la lecture<span class=\"screen-reader-text\"> de &laquo;&nbsp;Programme de la biblioth\u00e8que pour juin et juillet 2024&nbsp;&raquo;<\/span><\/a><\/p>\n","protected":false},"author":11668,"featured_media":0,"comment_status":"open","ping_status":"open","sticky":false,"template":"","format":"standard","meta":{"footnotes":""},"categories":[1],"tags":[],"class_list":["post-3011","post","type-post","status-publish","format-standard","hentry","category-general"],"_links":{"self":[{"href":"https:\/\/lesfleursarctiques.noblogs.org\/index.php?rest_route=\/wp\/v2\/posts\/3011","targetHints":{"allow":["GET"]}}],"collection":[{"href":"https:\/\/lesfleursarctiques.noblogs.org\/index.php?rest_route=\/wp\/v2\/posts"}],"about":[{"href":"https:\/\/lesfleursarctiques.noblogs.org\/index.php?rest_route=\/wp\/v2\/types\/post"}],"author":[{"embeddable":true,"href":"https:\/\/lesfleursarctiques.noblogs.org\/index.php?rest_route=\/wp\/v2\/users\/11668"}],"replies":[{"embeddable":true,"href":"https:\/\/lesfleursarctiques.noblogs.org\/index.php?rest_route=%2Fwp%2Fv2%2Fcomments&post=3011"}],"version-history":[{"count":5,"href":"https:\/\/lesfleursarctiques.noblogs.org\/index.php?rest_route=\/wp\/v2\/posts\/3011\/revisions"}],"predecessor-version":[{"id":3072,"href":"https:\/\/lesfleursarctiques.noblogs.org\/index.php?rest_route=\/wp\/v2\/posts\/3011\/revisions\/3072"}],"wp:attachment":[{"href":"https:\/\/lesfleursarctiques.noblogs.org\/index.php?rest_route=%2Fwp%2Fv2%2Fmedia&parent=3011"}],"wp:term":[{"taxonomy":"category","embeddable":true,"href":"https:\/\/lesfleursarctiques.noblogs.org\/index.php?rest_route=%2Fwp%2Fv2%2Fcategories&post=3011"},{"taxonomy":"post_tag","embeddable":true,"href":"https:\/\/lesfleursarctiques.noblogs.org\/index.php?rest_route=%2Fwp%2Fv2%2Ftags&post=3011"}],"curies":[{"name":"wp","href":"https:\/\/api.w.org\/{rel}","templated":true}]}}