{"id":2283,"date":"2022-06-19T12:00:20","date_gmt":"2022-06-19T10:00:20","guid":{"rendered":"https:\/\/lesfleursarctiques.noblogs.org\/?p=2283"},"modified":"2022-06-22T16:29:06","modified_gmt":"2022-06-22T14:29:06","slug":"apero-en-solidarite-avec-les-inculpes-du-1er-mai-2019","status":"publish","type":"post","link":"https:\/\/lesfleursarctiques.noblogs.org\/?p=2283","title":{"rendered":"Ap\u00e9ro en solidarit\u00e9 avec les inculp\u00e9s du 1er mai 2019"},"content":{"rendered":"<p style=\"text-align: right\"><em><span style=\"color: #008080\"><strong>Dimanche 19 juin 19h<\/strong><\/span><\/em><\/p>\n<figure id=\"attachment_2290\" aria-describedby=\"caption-attachment-2290\" style=\"width: 525px\" class=\"wp-caption alignnone\"><a href=\"https:\/\/lesfleursarctiques.noblogs.org\/files\/2022\/04\/proces6avril-1.pdf\"><img loading=\"lazy\" decoding=\"async\" class=\"wp-image-2290 size-large\" src=\"https:\/\/lesfleursarctiques.noblogs.org\/files\/2022\/04\/proces6avril-1-724x1024.jpg\" alt=\"\" width=\"525\" height=\"743\" srcset=\"https:\/\/lesfleursarctiques.noblogs.org\/files\/2022\/04\/proces6avril-1-724x1024.jpg 724w, https:\/\/lesfleursarctiques.noblogs.org\/files\/2022\/04\/proces6avril-1-212x300.jpg 212w, https:\/\/lesfleursarctiques.noblogs.org\/files\/2022\/04\/proces6avril-1-768x1086.jpg 768w, https:\/\/lesfleursarctiques.noblogs.org\/files\/2022\/04\/proces6avril-1-1086x1536.jpg 1086w, https:\/\/lesfleursarctiques.noblogs.org\/files\/2022\/04\/proces6avril-1-1448x2048.jpg 1448w, https:\/\/lesfleursarctiques.noblogs.org\/files\/2022\/04\/proces6avril-1-scaled.jpg 1810w\" sizes=\"auto, (max-width: 525px) 100vw, 525px\" \/><\/a><figcaption id=\"caption-attachment-2290\" class=\"wp-caption-text\">Cliquer sur l&rsquo;image pour t\u00e9l\u00e9charger le pdf du tract<\/figcaption><\/figure>\n<p>Alors que deux personne arr\u00eat\u00e9es en contr\u00f4le pr\u00e9ventif le matin de la manifestation du 1er mai passent en proc\u00e8s \u00e0 la cour d\u2019appel de Paris le 22 juin, on pourra discuter de ces techniques de gestion des manifs et de la d\u00e9lictualisation des intentions qui est utilis\u00e9es pour chercher \u00e0 \u00e9viter tout d\u00e9bordement \u00e9meutier en nous emp\u00eachant de manifester.<\/p>\n","protected":false},"excerpt":{"rendered":"<p>Dimanche 19 juin 19h Alors que deux personne arr\u00eat\u00e9es en contr\u00f4le pr\u00e9ventif le matin de la manifestation du 1er mai passent en proc\u00e8s \u00e0 la cour d\u2019appel de Paris le 22 juin, on pourra discuter de ces techniques de gestion des manifs et de la d\u00e9lictualisation des intentions qui est utilis\u00e9es pour chercher \u00e0 \u00e9viter &hellip; <\/p>\n<p class=\"link-more\"><a href=\"https:\/\/lesfleursarctiques.noblogs.org\/?p=2283\" class=\"more-link\">Continuer la lecture<span class=\"screen-reader-text\"> de &laquo;&nbsp;Ap\u00e9ro en solidarit\u00e9 avec les inculp\u00e9s du 1er mai 2019&nbsp;&raquo;<\/span><\/a><\/p>\n","protected":false},"author":11668,"featured_media":0,"comment_status":"open","ping_status":"open","sticky":false,"template":"","format":"standard","meta":{"footnotes":""},"categories":[1],"tags":[],"class_list":["post-2283","post","type-post","status-publish","format-standard","hentry","category-general"],"_links":{"self":[{"href":"https:\/\/lesfleursarctiques.noblogs.org\/index.php?rest_route=\/wp\/v2\/posts\/2283","targetHints":{"allow":["GET"]}}],"collection":[{"href":"https:\/\/lesfleursarctiques.noblogs.org\/index.php?rest_route=\/wp\/v2\/posts"}],"about":[{"href":"https:\/\/lesfleursarctiques.noblogs.org\/index.php?rest_route=\/wp\/v2\/types\/post"}],"author":[{"embeddable":true,"href":"https:\/\/lesfleursarctiques.noblogs.org\/index.php?rest_route=\/wp\/v2\/users\/11668"}],"replies":[{"embeddable":true,"href":"https:\/\/lesfleursarctiques.noblogs.org\/index.php?rest_route=%2Fwp%2Fv2%2Fcomments&post=2283"}],"version-history":[{"count":3,"href":"https:\/\/lesfleursarctiques.noblogs.org\/index.php?rest_route=\/wp\/v2\/posts\/2283\/revisions"}],"predecessor-version":[{"id":2310,"href":"https:\/\/lesfleursarctiques.noblogs.org\/index.php?rest_route=\/wp\/v2\/posts\/2283\/revisions\/2310"}],"wp:attachment":[{"href":"https:\/\/lesfleursarctiques.noblogs.org\/index.php?rest_route=%2Fwp%2Fv2%2Fmedia&parent=2283"}],"wp:term":[{"taxonomy":"category","embeddable":true,"href":"https:\/\/lesfleursarctiques.noblogs.org\/index.php?rest_route=%2Fwp%2Fv2%2Fcategories&post=2283"},{"taxonomy":"post_tag","embeddable":true,"href":"https:\/\/lesfleursarctiques.noblogs.org\/index.php?rest_route=%2Fwp%2Fv2%2Ftags&post=2283"}],"curies":[{"name":"wp","href":"https:\/\/api.w.org\/{rel}","templated":true}]}}