{"id":2233,"date":"2022-04-13T00:55:18","date_gmt":"2022-04-12T22:55:18","guid":{"rendered":"https:\/\/lesfleursarctiques.noblogs.org\/?p=2233"},"modified":"2022-07-12T14:12:38","modified_gmt":"2022-07-12T12:12:38","slug":"groupe-de-lecture-autour-du-complotisme","status":"publish","type":"post","link":"https:\/\/lesfleursarctiques.noblogs.org\/?p=2233","title":{"rendered":"Groupe de lecture autour du complotisme"},"content":{"rendered":"<p><span style=\"color: #000000\">Nous proposons de reprendre \u00e0 partir du dimanche 17 avril les groupes de lecture centr\u00e9s autour de la probl\u00e9matique actuelle du complotisme, des nouvelles formes de n\u00e9gationnisme, de falsifications et de d\u00e9ni du r\u00e9el. Il s&rsquo;agit d&rsquo;un travail de longue haleine r\u00e9agissant initialement \u00e0 la publication de l&rsquo;inf\u00e2me<i> <\/i>dernier livre du Comit\u00e9 Invisible (<i>Le Manifeste Conspirationniste<\/i>), avec pour but de mieux saisir pour les d\u00e9jouer les ressorts des th\u00e8ses et th\u00e9matiques complotistes exacerb\u00e9es par l&rsquo;irruption du covid-19 dans les soci\u00e9t\u00e9s capitalistes. Nous pensons que la reprise de ces groupes de lecture \u2013 ayant pour objectif la production de textes critiques qu&rsquo;il sera aussi possible de lire ensemble durant ces moments collectifs \u2013 nous permettra aussi d&rsquo;\u00eatre mieux arm\u00e9s contre tout ce qui pourrait, dans les prochains mois, tendre \u00e0 d\u00e9nier l&rsquo;ampleur des massacres de civils actuellement en cours dans le monde, notamment en Ukraine ou au Mali. Il faut comprendre \u00e0 partir de quoi cro\u00eet le vivier de discours niant des faits et des \u00e9v\u00e9nements dramatiques au XXI\u00e8me si\u00e8cle, d&rsquo;autant plus lorsqu&rsquo;il prend la forme de propositions politiques.<\/span><\/p>\n<p><span style=\"color: #000000\"><span lang=\"fr-FR\">\u00ab Toute l&rsquo;eau de la mer ne suffirait pas \u00e0 laver une t\u00e2che de sang intellectuelle \u00bb (Lautr\u00e9amont)<\/span><\/span><\/p>\n","protected":false},"excerpt":{"rendered":"<p>Nous proposons de reprendre \u00e0 partir du dimanche 17 avril les groupes de lecture centr\u00e9s autour de la probl\u00e9matique actuelle du complotisme, des nouvelles formes de n\u00e9gationnisme, de falsifications et de d\u00e9ni du r\u00e9el. Il s&rsquo;agit d&rsquo;un travail de longue haleine r\u00e9agissant initialement \u00e0 la publication de l&rsquo;inf\u00e2me dernier livre du Comit\u00e9 Invisible (Le Manifeste &hellip; <\/p>\n<p class=\"link-more\"><a href=\"https:\/\/lesfleursarctiques.noblogs.org\/?p=2233\" class=\"more-link\">Continuer la lecture<span class=\"screen-reader-text\"> de &laquo;&nbsp;Groupe de lecture autour du complotisme&nbsp;&raquo;<\/span><\/a><\/p>\n","protected":false},"author":11668,"featured_media":0,"comment_status":"open","ping_status":"open","sticky":false,"template":"","format":"standard","meta":{"footnotes":""},"categories":[1],"tags":[],"class_list":["post-2233","post","type-post","status-publish","format-standard","hentry","category-general"],"_links":{"self":[{"href":"https:\/\/lesfleursarctiques.noblogs.org\/index.php?rest_route=\/wp\/v2\/posts\/2233","targetHints":{"allow":["GET"]}}],"collection":[{"href":"https:\/\/lesfleursarctiques.noblogs.org\/index.php?rest_route=\/wp\/v2\/posts"}],"about":[{"href":"https:\/\/lesfleursarctiques.noblogs.org\/index.php?rest_route=\/wp\/v2\/types\/post"}],"author":[{"embeddable":true,"href":"https:\/\/lesfleursarctiques.noblogs.org\/index.php?rest_route=\/wp\/v2\/users\/11668"}],"replies":[{"embeddable":true,"href":"https:\/\/lesfleursarctiques.noblogs.org\/index.php?rest_route=%2Fwp%2Fv2%2Fcomments&post=2233"}],"version-history":[{"count":1,"href":"https:\/\/lesfleursarctiques.noblogs.org\/index.php?rest_route=\/wp\/v2\/posts\/2233\/revisions"}],"predecessor-version":[{"id":2234,"href":"https:\/\/lesfleursarctiques.noblogs.org\/index.php?rest_route=\/wp\/v2\/posts\/2233\/revisions\/2234"}],"wp:attachment":[{"href":"https:\/\/lesfleursarctiques.noblogs.org\/index.php?rest_route=%2Fwp%2Fv2%2Fmedia&parent=2233"}],"wp:term":[{"taxonomy":"category","embeddable":true,"href":"https:\/\/lesfleursarctiques.noblogs.org\/index.php?rest_route=%2Fwp%2Fv2%2Fcategories&post=2233"},{"taxonomy":"post_tag","embeddable":true,"href":"https:\/\/lesfleursarctiques.noblogs.org\/index.php?rest_route=%2Fwp%2Fv2%2Ftags&post=2233"}],"curies":[{"name":"wp","href":"https:\/\/api.w.org\/{rel}","templated":true}]}}