{"id":2156,"date":"2022-01-09T11:43:12","date_gmt":"2022-01-09T10:43:12","guid":{"rendered":"https:\/\/lesfleursarctiques.noblogs.org\/?p=2156"},"modified":"2022-03-18T12:59:42","modified_gmt":"2022-03-18T11:59:42","slug":"demontage-judiciaire-les-proces-staliniens","status":"publish","type":"post","link":"https:\/\/lesfleursarctiques.noblogs.org\/?p=2156","title":{"rendered":"D\u00e9montage judiciaire : Les proc\u00e8s staliniens"},"content":{"rendered":"<p><del><span style=\"color: #008080\"><strong>Vendredi 18 mars 19h<\/strong><\/span><\/del><\/p>\n<p><span style=\"color: #008080\"><strong>Vendredi 8 avril 19h<br \/>\n<\/strong><\/span><\/p>\n<p>Saboter la machine judiciaire implique de comprendre comment fonctionnent ses rouages quand elle s\u2019exerce, comment elle peaufine ses engrenages pour mieux nous broyer. Alors il nous a sembl\u00e9 pertinent de proposer des occasions de pratiquer ensemble des d\u00e9montages, en se donnant le loisir d\u2019accorder collectivement toute notre attention \u00e0 des d\u00e9constructions aussi m\u00e9ticuleuses que possible d\u2019affaires judiciaires pr\u00e9cises, pass\u00e9es ou actuelles, pour mieux se pr\u00e9parer \u00e0 affronter la justice et la r\u00e9pression quand nous nous retrouvons contraint de le faire.<br \/>\nChaque affaire est singuli\u00e8re, et toutes ou presque pourront nous int\u00e9resser, qu\u2019elles aient d\u00e9fray\u00e9 la chronique, marqu\u00e9 l\u2019Histoire ou qu\u2019elles participent d\u2019un fonctionnement quotidien d\u2019une justice toujours trop pr\u00e8s de la vie de tout un chacun, et on esp\u00e8re que comprendre ces affaires sp\u00e9cifiques nous permettra d\u2019en savoir plus sur le fonctionnement de l\u2019ensemble du dispositif, et de trouver comment s\u2019y opposer.<\/p>\n<p>Concr\u00e8tement, on propose un rendez-vous r\u00e9gulier et public (une fois par programme) pour plonger ensemble dans une affaire choisie pr\u00e9alablement selon les propositions ou occasions, et sur laquelle ceux et celles qui voudront le faire se seront pench\u00e9 en amont, \u00e0 partir des documents et informations qu\u2019on peut r\u00e9unir selon les cas, pour restituer aux autres \u00e0 la fois la construction de l\u2019accusation et la strat\u00e9gie de d\u00e9fense choisie ainsi que la mani\u00e8re dont elle s\u2019est \u00e9labor\u00e9e. On pourra ensuite tous discuter \u00e0 partir de ces \u00e9l\u00e9ments, en s\u2019inspirant des formes de prises en charge collective des d\u00e9fenses qui se sont d\u00e9velopp\u00e9es dans les suites de mai 68, par exemple, mais sous une forme \u00ab\u00a0d\u00e9sactualis\u00e9e\u00a0\u00bb, hors des enjeux imm\u00e9diats d\u2019une d\u00e9fense r\u00e9elle en cours. Pas besoin de connaissances sp\u00e9cifiques pr\u00e9alables, bien s\u00fbr, pour participer, d\u2019autant plus que le point de vue que nous choisirons d\u2019adopter c\u2019est celui de tous ceux et touts celles qui peuvent se retrouver face aux tribunaux et qui ne sont pas pr\u00eats \u00e0 laisser la machine judiciaire les broyer, et pas celui des sp\u00e9cialistes ou relais de la justice auquel trop souvent le champ libre est laiss\u00e9, parce que tout est fait pour nous conduire \u00e0 le leur abandonner. Il s\u2019agirait donc au contraire de s\u2019habituer \u00e0 ne plus d\u00e9serter le champ de l\u2019\u00e9laboration collective, et de chercher \u00e0 donner un sens concret \u00e0 la notion de d\u00e9fense collective\u00a0\u00bb.<\/p>\n<p>Ce vendredi 18 mars, nous nous int\u00e9resserons aux proc\u00e8s staliniens, en nous attardant particuli\u00e8rement sur les proc\u00e8s de Moscou entre 1936 et 1938 (o\u00f9 l&rsquo;\u00e9tonnante redondance et ressemblance entre tous les proc\u00e8s \u2013 \u00e0 chaque fois fond\u00e9s sur des accusations historiques aberrantes, sur des silences et des myst\u00e8res complets quant \u00e0 la proc\u00e9dure, et sur une \u00e9trange fusion entre l&rsquo;accus\u00e9 et l&rsquo;accusateur \u2013 invite \u00e0 r\u00e9fl\u00e9chir \u00e0 la mise en sc\u00e8ne d&rsquo;une proc\u00e9dure judiciaire dans son ensemble, c&rsquo;est-\u00e0-dire au r\u00f4le politique et historique de ces proc\u00e8s dans un Etat totalitaire bas\u00e9 sur le mensonge d&rsquo;\u00eatre la continuation de la r\u00e9volution de 1917. Comment est-ce qu&rsquo;un Etat avec des moyens r\u00e9pressifs gigantesques fabrique-t-il de bout en bout des \u00ab\u00a0v\u00e9rit\u00e9s judiciaires\u00a0\u00bb retransmises internationalement \u00e0 tous les Partis communistes \u00e0 l&rsquo;Est comme \u00e0 l&rsquo;Ouest qui anonnent \u00e0 leurs tours les conclusions du tribunal devenant des \u00ab\u00a0v\u00e9rit\u00e9s historiques\u00a0\u00bb &#8211; \u00e0 la mani\u00e8re de l&rsquo;\u00e9ternel torchon L&rsquo;Humanit\u00e9 qui, jusqu&rsquo;au bout, c&rsquo;est-\u00e0-dire jusqu&rsquo;en 1953 avec l&rsquo;ultime proc\u00e8s stalinien, s&rsquo;attache en premi\u00e8re page \u00e0 la redite des sentences les plus illogiques ? Nous nous int\u00e9resserons justement \u00e0 la derni\u00e8re affaire judiciaire stalinienne (abandonn\u00e9e 2 mois apr\u00e8s la mort du dirigeant)\u00a0: celle du dit \u00ab\u00a0complots des blouses blanches\u00a0\u00bb. Neuf m\u00e9decins sovi\u00e9tiques sont accus\u00e9s d&rsquo;avoir assassin\u00e9 deux dirigeants sovi\u00e9tiques et de planifier d&rsquo;en assassiner d&rsquo;autres. Dans cette affaire, le complotisme occupe comme toujours en URSS une place de choix, li\u00e9 en particulier au fait que la majorit\u00e9 de ces m\u00e9decins \u00e9taient juifs et que l&rsquo;antis\u00e9mitisme \u00e9tait le principal moteur de cette th\u00e9orie du complot.<br \/>\nOn pourra voir dans cette affaire que la \u00ab\u00a0v\u00e9rit\u00e9 judiciaire\u00a0\u00bb construite pour des besoins politiques se nourrit des pire haines et peurs de l&rsquo;\u00e9poque dans laquelle elle se construit.<\/p>\n","protected":false},"excerpt":{"rendered":"<p>Vendredi 18 mars 19h Vendredi 8 avril 19h Saboter la machine judiciaire implique de comprendre comment fonctionnent ses rouages quand elle s\u2019exerce, comment elle peaufine ses engrenages pour mieux nous broyer. Alors il nous a sembl\u00e9 pertinent de proposer des occasions de pratiquer ensemble des d\u00e9montages, en se donnant le loisir d\u2019accorder collectivement toute notre &hellip; <\/p>\n<p class=\"link-more\"><a href=\"https:\/\/lesfleursarctiques.noblogs.org\/?p=2156\" class=\"more-link\">Continuer la lecture<span class=\"screen-reader-text\"> de &laquo;&nbsp;D\u00e9montage judiciaire : Les proc\u00e8s staliniens&nbsp;&raquo;<\/span><\/a><\/p>\n","protected":false},"author":11668,"featured_media":0,"comment_status":"open","ping_status":"open","sticky":false,"template":"","format":"standard","meta":{"footnotes":""},"categories":[1],"tags":[],"class_list":["post-2156","post","type-post","status-publish","format-standard","hentry","category-general"],"_links":{"self":[{"href":"https:\/\/lesfleursarctiques.noblogs.org\/index.php?rest_route=\/wp\/v2\/posts\/2156","targetHints":{"allow":["GET"]}}],"collection":[{"href":"https:\/\/lesfleursarctiques.noblogs.org\/index.php?rest_route=\/wp\/v2\/posts"}],"about":[{"href":"https:\/\/lesfleursarctiques.noblogs.org\/index.php?rest_route=\/wp\/v2\/types\/post"}],"author":[{"embeddable":true,"href":"https:\/\/lesfleursarctiques.noblogs.org\/index.php?rest_route=\/wp\/v2\/users\/11668"}],"replies":[{"embeddable":true,"href":"https:\/\/lesfleursarctiques.noblogs.org\/index.php?rest_route=%2Fwp%2Fv2%2Fcomments&post=2156"}],"version-history":[{"count":4,"href":"https:\/\/lesfleursarctiques.noblogs.org\/index.php?rest_route=\/wp\/v2\/posts\/2156\/revisions"}],"predecessor-version":[{"id":2214,"href":"https:\/\/lesfleursarctiques.noblogs.org\/index.php?rest_route=\/wp\/v2\/posts\/2156\/revisions\/2214"}],"wp:attachment":[{"href":"https:\/\/lesfleursarctiques.noblogs.org\/index.php?rest_route=%2Fwp%2Fv2%2Fmedia&parent=2156"}],"wp:term":[{"taxonomy":"category","embeddable":true,"href":"https:\/\/lesfleursarctiques.noblogs.org\/index.php?rest_route=%2Fwp%2Fv2%2Fcategories&post=2156"},{"taxonomy":"post_tag","embeddable":true,"href":"https:\/\/lesfleursarctiques.noblogs.org\/index.php?rest_route=%2Fwp%2Fv2%2Ftags&post=2156"}],"curies":[{"name":"wp","href":"https:\/\/api.w.org\/{rel}","templated":true}]}}