{"id":2085,"date":"2021-12-19T23:31:31","date_gmt":"2021-12-19T22:31:31","guid":{"rendered":"https:\/\/lesfleursarctiques.noblogs.org\/?p=2085"},"modified":"2022-01-07T02:31:41","modified_gmt":"2022-01-07T01:31:41","slug":"la-rumeur-etait-donc-vraie","status":"publish","type":"post","link":"https:\/\/lesfleursarctiques.noblogs.org\/?p=2085","title":{"rendered":"La rumeur \u00e9tait donc vraie\u00a0!"},"content":{"rendered":"<p style=\"text-align: left\" align=\"CENTER\"><span style=\"font-size: large\"><b>Les Fleurs Arctiques ont vir\u00e9 un raciste.<\/b><\/span><\/p>\n<p>C&rsquo;est une dr\u00f4le de soir\u00e9e que l&rsquo;on vient de passer \u00e0 la biblioth\u00e8que, ce vendredi 17 d\u00e9cembre 2021, \u00e0 l&rsquo;occasion d&rsquo;une discussion sur la question du Grand Soir et la critique du l\u00e9ninisme. Tout a commenc\u00e9 tr\u00e8s normalement. Malgr\u00e9 le refus de publication de notre programme sur PLI sous pr\u00e9textes de \u00ab coups de pressions \u00bb imaginaires, \u00ab contre des groupes \u00bb imaginaires aussi, plusieurs personnes se sont d\u00e9plac\u00e9es et la discussion a \u00e9t\u00e9 int\u00e9ressante. Mais une des personnes pr\u00e9sentes a particuli\u00e8rement marqu\u00e9 la soir\u00e9e et, donnant enfin une raison d&rsquo;\u00eatre \u00e0 la mauvaise r\u00e9putation que certains cherchent \u00e0 tout prix \u00e0 nous coller&#8230; nous nous sommes retrouv\u00e9s \u00e0 devoir la d\u00e9gager du lieu et \u00e0 l&rsquo;inciter fermement \u00e0 ne plus jamais revenir. C&rsquo;est d&rsquo;ailleurs pour cette raison que nous \u00e9crivons ces quelques lignes, ainsi que pour pr\u00e9venir les camarades et compagnons qu&rsquo;ils peuvent, comme nous, se retrouver face \u00e0 un antis\u00e9mite fier de l&rsquo;\u00eatre qui n&rsquo;assume cette position qu&rsquo;apr\u00e8s des heures de discussion durant laquelle il se garde bien de faire part de ses obsessions, m\u00eame si ce qu&rsquo;il exprime n&rsquo;est pas si anodin.<\/p>\n<p>Avant que la discussion pr\u00e9vue ne d\u00e9bute, la dite personne commence \u00e0 nous demander si on ne pense pas qu&rsquo;on peut renverser l\u2019\u00c9tat depuis l&rsquo;int\u00e9rieur des institutions. Face \u00e0 son insistance sur ce sujet et \u00e0 ses questions \u00e9trangement intrusives pour faire parler les personnes pr\u00e9sentes, nous essayons d&rsquo;en savoir un peu plus, au moins de quel genre de collectif il vient, ou s&rsquo;il a particip\u00e9 \u00e0 des luttes&#8230; Tout \u00e7a reste vain et il reste tr\u00e8s \u00e9vasif, oscillant entre celui qui ne conna\u00eet rien (\u00ab je d\u00e9bute \u00bb, \u00ab Vous devez mieux savoir que moi \u00bb&#8230;) et celui qui est au courant de tout (\u00ab je sais bien ce qu&rsquo;est ce lieu, il y a eu des embrouilles, que dis-je, des \u00e9chauffour\u00e9es \u00bb). A \u00ab \u00e9chauffour\u00e9es \u00bb, notre d\u00e9tecteur \u00e0 keuf se d\u00e9clenche (si si, celui qu&rsquo;on planque sous les canap\u00e9s). A part \u00e7a, la discussion est vivante, il y a quelques d\u00e9saccords, principalement entre lui et le reste de l&rsquo;assembl\u00e9e. Il passe par ailleurs le plus clair de la discussion \u00e0 essayer de nous faire parler sans jamais trop se prononcer, le d\u00e9tecteur est donc tent\u00e9e de rabattre son aiguille sur la partie <em>journaflic-pr\u00e9parant-un-dossier-sur-l&rsquo;ultra-gauche<\/em> de son cadran. Et il commence \u00e0 dire des choses de plus en plus fumeuses, de plus en plus d\u00e9plaisantes, comme l&rsquo;affirmation de l&rsquo;existence d&rsquo;un \u00ab ordre racial de la supr\u00e9matie blanche chez Macron \u00bb, qu&rsquo;il faudrait combattre par la discrimination positive. Il est rapidement un peu piteux et \u00e0 cours d&rsquo;arguments.<\/p>\n<p>Subitement, il se l\u00e8ve et se rapproche de la porte, en disant que, de toutes fa\u00e7ons, on n&rsquo;est pas d&rsquo;accord. On continue \u00e0 discuter, en essayant de creuser un peu pour comprendre ce qu&rsquo;il pense, car tout \u00e7a ne nous semble pas bien clair. On sent aussi qu&rsquo;il a quelque chose au bord des l\u00e8vres, et \u00e7a n&rsquo;a pas l&rsquo;air d&rsquo;\u00eatre \u00ab Ni dieu, ni ma\u00eetre \u00bb. Sur le pas de la porte, il craque, redevient fier pour nous dire qu&rsquo;il est \u00ab bouteldjiste \u00bb. On lui fait alors remarquer qu&rsquo;il aurait pu nous le dire avant, que \u00e7a ressemble dr\u00f4lement \u00e0 une esp\u00e8ce de pi\u00e8ge. On lui demande s&rsquo;il ne trouve pas que <em>Les Blancs, les Juifs et nous<\/em> est un livre un peu antis\u00e9mite quand m\u00eame&#8230; Il ne r\u00e9pond pas&#8230; Fait la moue&#8230; Et nous dit : \u00ab Je sais pas, en m\u00eame temps, je me pose des questions&#8230; Par rapport \u00e0 la jud\u00e9ophobie d\u2019\u00c9tat&#8230; \u00bb puis il se reprend \u00ab Euh jud\u00e9ophilie d\u2019\u00c9tat, tout \u00e7a \u00bb. Et c&rsquo;est l\u00e0 qu&rsquo;il prononcera avec un sourire triomphant insupportable cette phrase qui lui fera regagner une certaine confiance en lui en contraste avec son attitude pendant les 3 heures pr\u00e9c\u00e9dentes : \u00ab Ouais, je pense qu&rsquo;il y a un probl\u00e8me avec les juifs \u00bb. Nous l&rsquo;avons donc fait partir.<\/p>\n<p>&nbsp;<\/p>\n<p>Voil\u00e0, la rumeur \u00e9tait donc vraie\u00a0: nous, biblioth\u00e8que des Fleurs Arctiques, avons vir\u00e9 quelqu&rsquo;un en lui disant de ne plus revenir parce qu&rsquo;il n&rsquo;\u00e9tait pas d&rsquo;accord avec nous. En l\u2019occurrence, il s&rsquo;agissait d&rsquo;un antis\u00e9mite.<\/p>\n<p style=\"text-align: right\">Nique les racistes.<\/p>\n","protected":false},"excerpt":{"rendered":"<p>Les Fleurs Arctiques ont vir\u00e9 un raciste. C&rsquo;est une dr\u00f4le de soir\u00e9e que l&rsquo;on vient de passer \u00e0 la biblioth\u00e8que, ce vendredi 17 d\u00e9cembre 2021, \u00e0 l&rsquo;occasion d&rsquo;une discussion sur la question du Grand Soir et la critique du l\u00e9ninisme. Tout a commenc\u00e9 tr\u00e8s normalement. Malgr\u00e9 le refus de publication de notre programme sur PLI &hellip; <\/p>\n<p class=\"link-more\"><a href=\"https:\/\/lesfleursarctiques.noblogs.org\/?p=2085\" class=\"more-link\">Continuer la lecture<span class=\"screen-reader-text\"> de &laquo;&nbsp;La rumeur \u00e9tait donc vraie\u00a0!&nbsp;&raquo;<\/span><\/a><\/p>\n","protected":false},"author":11668,"featured_media":0,"comment_status":"open","ping_status":"open","sticky":false,"template":"","format":"standard","meta":{"footnotes":""},"categories":[1],"tags":[],"class_list":["post-2085","post","type-post","status-publish","format-standard","hentry","category-general"],"_links":{"self":[{"href":"https:\/\/lesfleursarctiques.noblogs.org\/index.php?rest_route=\/wp\/v2\/posts\/2085","targetHints":{"allow":["GET"]}}],"collection":[{"href":"https:\/\/lesfleursarctiques.noblogs.org\/index.php?rest_route=\/wp\/v2\/posts"}],"about":[{"href":"https:\/\/lesfleursarctiques.noblogs.org\/index.php?rest_route=\/wp\/v2\/types\/post"}],"author":[{"embeddable":true,"href":"https:\/\/lesfleursarctiques.noblogs.org\/index.php?rest_route=\/wp\/v2\/users\/11668"}],"replies":[{"embeddable":true,"href":"https:\/\/lesfleursarctiques.noblogs.org\/index.php?rest_route=%2Fwp%2Fv2%2Fcomments&post=2085"}],"version-history":[{"count":5,"href":"https:\/\/lesfleursarctiques.noblogs.org\/index.php?rest_route=\/wp\/v2\/posts\/2085\/revisions"}],"predecessor-version":[{"id":2091,"href":"https:\/\/lesfleursarctiques.noblogs.org\/index.php?rest_route=\/wp\/v2\/posts\/2085\/revisions\/2091"}],"wp:attachment":[{"href":"https:\/\/lesfleursarctiques.noblogs.org\/index.php?rest_route=%2Fwp%2Fv2%2Fmedia&parent=2085"}],"wp:term":[{"taxonomy":"category","embeddable":true,"href":"https:\/\/lesfleursarctiques.noblogs.org\/index.php?rest_route=%2Fwp%2Fv2%2Fcategories&post=2085"},{"taxonomy":"post_tag","embeddable":true,"href":"https:\/\/lesfleursarctiques.noblogs.org\/index.php?rest_route=%2Fwp%2Fv2%2Ftags&post=2085"}],"curies":[{"name":"wp","href":"https:\/\/api.w.org\/{rel}","templated":true}]}}