{"id":2031,"date":"2021-11-13T14:44:09","date_gmt":"2021-11-13T13:44:09","guid":{"rendered":"https:\/\/lesfleursarctiques.noblogs.org\/?p=2031"},"modified":"2021-12-03T11:08:16","modified_gmt":"2021-12-03T10:08:16","slug":"ces-sourds-qui-ne-veulent-pas-entendre-mardi-23-novembre-19h","status":"publish","type":"post","link":"https:\/\/lesfleursarctiques.noblogs.org\/?p=2031","title":{"rendered":"Ces sourds  qui ne veulent pas entendre"},"content":{"rendered":"<p><strong>S. Massiah et A. Del Rey &#8211; 2012<br \/>\nFrance &#8211; 52\u2019<\/strong><\/p>\n<p style=\"text-align: right\"><span style=\"color: #008080\"><em><strong>Mardi 23 novembre 19h<\/strong><\/em><\/span><\/p>\n<p><img loading=\"lazy\" decoding=\"async\" class=\"alignnone size-large wp-image-2009\" src=\"https:\/\/lesfleursarctiques.noblogs.org\/files\/2021\/10\/sourds-1024x576.png\" alt=\"\" width=\"525\" height=\"295\" srcset=\"https:\/\/lesfleursarctiques.noblogs.org\/files\/2021\/10\/sourds-1024x576.png 1024w, https:\/\/lesfleursarctiques.noblogs.org\/files\/2021\/10\/sourds-300x169.png 300w, https:\/\/lesfleursarctiques.noblogs.org\/files\/2021\/10\/sourds-768x432.png 768w, https:\/\/lesfleursarctiques.noblogs.org\/files\/2021\/10\/sourds-1536x864.png 1536w, https:\/\/lesfleursarctiques.noblogs.org\/files\/2021\/10\/sourds.png 1920w\" sizes=\"auto, (max-width: 525px) 100vw, 525px\" \/><\/p>\n<p>Ce film documentaire, sorti en 2012, traite de la question des implants cochl\u00e9aires. R\u00e9alis\u00e9 par un collectif de sourds et d\u2019entendants, il propose un autre regard que celui du corps m\u00e9dical sur cette technologie, apparue dans les ann\u00e9es 80 aux \u00c9tats-Unis, promettant de \u00ab\u00a0r\u00e9parer\u00a0\u00bb les sourds, leur redonnant l\u2019ou\u00efe. Depuis quelques ann\u00e9es, des th\u00e9rapies g\u00e9niques pr\u00e9tendent pouvoir reconstituer l\u2019audition pour certaines formes surdit\u00e9s. Tout probl\u00e8me doit pouvoir trouver une solution dans la technologie, et si une technologie existe pour le \u00ab\u00a0r\u00e9soudre\u00a0\u00bb, alors elle doit \u00eatre utilis\u00e9e. On n\u2019arr\u00eate pas le progr\u00e8s ! Sauf que. Sauf qu\u2019\u00eatre sourd, ce n\u2019est pas simplement une condition auditive, c\u2019est aussi, dans certains cas, une langue, la langue des signes. Sauf que chercher \u00e0 \u00abr\u00e9parer\u00bb les sourds pour les rendre entendant est toujours un point de vue normatif qui consid\u00e8re qu\u2019il vaut mieux ne pas vivre que de vivre sourd, surtout si l\u2019on ne parle pas. Sauf qu\u2019il y a beaucoup de personnes pour qui ces implants ne fonctionnent pas. Sauf que m\u00eame quand on apprend \u00e0 oraliser, \u00e0 entendre avec des implants, on ne devient pas pour autant entendant. Sauf que des sourds s\u2019y opposent et d\u00e9fendent l\u2019acc\u00e8s \u00e0 la langue des signes dans l\u2019\u00e9ducation des enfants sourds.<\/p>\n<p>Les sourds, depuis l\u2019\u00e9mergence de la LSF (langue des signes fran\u00e7aise), au 18\u00e8me si\u00e8cle, ont connu l\u2019interdiction de leur langue (consid\u00e9r\u00e9e comme incapable d\u2019exprimer les subtilit\u00e9s de la pens\u00e9e) suite au congr\u00e8s de Milan en 1880 opposant les gestualistes et les oralistes. Ce n\u2019est que depuis les ann\u00e9es 1970-80 que des sourds se revendiquent Sourds. L\u2019approche cherchant \u00e0 faire dispara\u00eetre la langue et la culture h\u00e9rit\u00e9e d\u2019un rapport essentiellement visuel au monde, n\u2019est donc pas nouvelle. Seulement, si avant c\u2019\u00e9tait davantage par l\u2019\u00e9ducation et la r\u00e9\u00e9ducation pour apprendre \u00e0 parler, (aussi parce que \u00abau d\u00e9but \u00e9tait le verbe\u00bb, pas le signe pour les religieux), ce qui a traumatis\u00e9 de nombreux sourds, interdits d\u2019utiliser leur langue \u00e0 l\u2019\u00e9cole, c\u2019est aujourd\u2019hui d\u2019avantage par une m\u00e9dicalisation de l\u2019oreille que la soci\u00e9t\u00e9 pense rendre ces sourds int\u00e9grable au monde (du travail bien s\u00fbr).<\/p>\n<p>Venez donc le 23 novembre \u00e0 19h pour r\u00e9fl\u00e9chir ensemble \u00e0 cette question, et plus largement au mythe du Progr\u00e8s, au pouvoir de la religion et de la science sur les corps, et \u00e0 toutes les questions qui \u00e9mergeront apr\u00e8s ce documentaire.<\/p>\n","protected":false},"excerpt":{"rendered":"<p>S. Massiah et A. Del Rey &#8211; 2012 France &#8211; 52\u2019 Mardi 23 novembre 19h Ce film documentaire, sorti en 2012, traite de la question des implants cochl\u00e9aires. R\u00e9alis\u00e9 par un collectif de sourds et d\u2019entendants, il propose un autre regard que celui du corps m\u00e9dical sur cette technologie, apparue dans les ann\u00e9es 80 aux &hellip; <\/p>\n<p class=\"link-more\"><a href=\"https:\/\/lesfleursarctiques.noblogs.org\/?p=2031\" class=\"more-link\">Continuer la lecture<span class=\"screen-reader-text\"> de &laquo;&nbsp;Ces sourds  qui ne veulent pas entendre&nbsp;&raquo;<\/span><\/a><\/p>\n","protected":false},"author":11668,"featured_media":0,"comment_status":"open","ping_status":"open","sticky":false,"template":"","format":"standard","meta":{"footnotes":""},"categories":[1],"tags":[],"class_list":["post-2031","post","type-post","status-publish","format-standard","hentry","category-general"],"_links":{"self":[{"href":"https:\/\/lesfleursarctiques.noblogs.org\/index.php?rest_route=\/wp\/v2\/posts\/2031","targetHints":{"allow":["GET"]}}],"collection":[{"href":"https:\/\/lesfleursarctiques.noblogs.org\/index.php?rest_route=\/wp\/v2\/posts"}],"about":[{"href":"https:\/\/lesfleursarctiques.noblogs.org\/index.php?rest_route=\/wp\/v2\/types\/post"}],"author":[{"embeddable":true,"href":"https:\/\/lesfleursarctiques.noblogs.org\/index.php?rest_route=\/wp\/v2\/users\/11668"}],"replies":[{"embeddable":true,"href":"https:\/\/lesfleursarctiques.noblogs.org\/index.php?rest_route=%2Fwp%2Fv2%2Fcomments&post=2031"}],"version-history":[{"count":4,"href":"https:\/\/lesfleursarctiques.noblogs.org\/index.php?rest_route=\/wp\/v2\/posts\/2031\/revisions"}],"predecessor-version":[{"id":2054,"href":"https:\/\/lesfleursarctiques.noblogs.org\/index.php?rest_route=\/wp\/v2\/posts\/2031\/revisions\/2054"}],"wp:attachment":[{"href":"https:\/\/lesfleursarctiques.noblogs.org\/index.php?rest_route=%2Fwp%2Fv2%2Fmedia&parent=2031"}],"wp:term":[{"taxonomy":"category","embeddable":true,"href":"https:\/\/lesfleursarctiques.noblogs.org\/index.php?rest_route=%2Fwp%2Fv2%2Fcategories&post=2031"},{"taxonomy":"post_tag","embeddable":true,"href":"https:\/\/lesfleursarctiques.noblogs.org\/index.php?rest_route=%2Fwp%2Fv2%2Ftags&post=2031"}],"curies":[{"name":"wp","href":"https:\/\/api.w.org\/{rel}","templated":true}]}}