{"id":1806,"date":"2020-09-12T08:40:08","date_gmt":"2020-09-12T06:40:08","guid":{"rendered":"http:\/\/lesfleursarctiques.noblogs.org\/?p=1806"},"modified":"2020-10-12T16:16:03","modified_gmt":"2020-10-12T14:16:03","slug":"projection-discussion-autour-du-documentaire-touch-the-sky-stories-subversions-complexities-of-ferguson","status":"publish","type":"post","link":"https:\/\/lesfleursarctiques.noblogs.org\/?p=1806","title":{"rendered":"Projection\/discussion autour du documentaire \u00ab\u00a0Touch The Sky : Stories, Subversions, &amp; Complexities of Ferguson\u00a0\u00bb"},"content":{"rendered":"<p><strong>Pour que la subversion ne soit jamais rel\u00e9gu\u00e9e au rang du pass\u00e9 mais permette la r\u00e9volution aujourd\u2019hui, discussion autour du documentaire <em>Touch The Sky : Stories, Subversions, &amp; Complexities of Ferguson (2019, Saint Louis)<\/em>, en relation avec les \u00e9v\u00e9nements \u00e9meutiers qui ont suivi la mort de Georges Floyd.<br \/>\n<\/strong><\/p>\n<p style=\"text-align: right\"><span style=\"color: #008080\"><em><strong>Samedi 3 octobre 19h<\/strong> <\/em><\/span><\/p>\n<p><img decoding=\"async\" src=\"https:\/\/lesfleursarctiques.noblogs.org\/files\/2020\/09\/touchthesky.png\" \/><\/p>\n<p>L\u2019ignominie de la mort de Georges Floyd et les premi\u00e8res col\u00e8res \u00e9meuti\u00e8res qui s\u2019en sont suivi sont encore r\u00e9centes, fra\u00eeches dans nos m\u00e9moires et dans la solidarit\u00e9 qui peut s\u2019exprimer encore aujourd\u2019hui \u00e0 l\u2019international avec une mobilisation qui se poursuit et se relance sans cesse en plusieurs point du territoire am\u00e9ricain. En effet, cette col\u00e8re n\u2019est encore ni \u00e9teinte ou ni totalement r\u00e9cup\u00e9r\u00e9e, elle est encore bien vivace, comme \u00e0 Portland par exemple ou les nuits d\u2019\u00e9meutes violentes se succ\u00e8dent encore depuis plusieurs mois. Elle se r\u00e9percute \u00e0 Kenosha dans le Wisconsin ces derniers jours apr\u00e8s que Jacob Blake s\u2019est pris 7 balles de la part d\u2019un flic et que deux manifestants se sont fait abattre par un jeune membre d\u2019une milice de nationalistes. Mais certaines phases \u00e9meuti\u00e8res moins r\u00e9centes risquent malheureusement, le temps passant, de tomber dans des formes de d\u00e9ni, de l\u00e9gitimation a post\u00e9riori ou de r\u00e9cup\u00e9ration politique et id\u00e9ologique qui gommeront comme presque toujours l\u2019intensit\u00e9 propre ainsi que les conflictualit\u00e9s internes si pr\u00e9cieuses de ces moments subversifs, ou pire encore, dans l\u2019oubli. Il en ressort donc qu\u2019il existe un besoin, peut-\u00eatre vital pour le mouvement r\u00e9volutionnaire, de se rappeler de ces moments \u00e9meutiers qui passent malgr\u00e9 nous du pr\u00e9sent au pass\u00e9, et non seulement d\u2019en garder la m\u00e9moire mais d\u2019aller \u00e0 contre-courant de cette force monstrueusement puissante qu\u2019est le temps de la reconstitution historique faite pour que l\u2019existant perdure malgr\u00e9 tout, en ramenant quelque chose de cette subversion pass\u00e9e vers le pr\u00e9sent, pour en maintenir l\u2019existence et la conflictualit\u00e9 et avoir une chance d\u2019en finir avec ce monde de pouvoir, d\u2019exploitation n et de domination. En 2014, un mouvement \u00e9meutier similaire par certains aspects \u00e0 celui que nous connaissons actuellement aux Etats-Unis a eu lieu \u00e0 Ferguson et ses environs. Similaire de par son point d\u2019origine, la col\u00e8re de milliers de personnes d\u00e9clench\u00e9e par un meurtre policier qui vient faire d\u00e9border un vase toujours trop plein, comme par sa port\u00e9e, avec des incendies violents, un rapport de force o\u00f9 l\u2019autorit\u00e9 de la police est remise en question fondamentalement, et par les efforts constants de r\u00e9cup\u00e9ration politique non-violente de certains repr\u00e9sentants plus ou moins \u00ab\u00a0populaires\u00a0\u00bb.<\/p>\n<p>R\u00e9cemment, un documentaire est sorti pour l&rsquo;anniversaire de cette \u00e9meute pass\u00e9e, un documentaire de lutte qui essaye de faire survivre \u00e0 travers le temps l&rsquo;exp\u00e9rience d&rsquo;un moment subversif qui devrait ne jamais \u00eatre oubli\u00e9. Qui essaye aussi et surtout de faire exister les conflictualit\u00e9s qui ont compos\u00e9s ce moment, conflictualit\u00e9s que tous les acteurs de la pacification sociale cherchent en toute logique \u00e0 d\u00e9sactiver. Ce documentaire, <span style=\"color: #333333\"><span style=\"font-family: Times New Roman, serif\"><span style=\"font-size: medium\"><i>Touch The Sky: Stories, Subversions, &amp; Complexities of Ferguson<\/i><\/span><\/span><\/span><i>, <\/i>compos\u00e9e d&rsquo;images journalistiques ou polici\u00e8res, mais aussi d&rsquo;images internes \u00e0 la lutte, peut nous faire r\u00e9fl\u00e9chir \u00e0 notre \u00e9poque pr\u00e9sente, aux \u00e9meutes que nous voyons ou vivons aujourd&rsquo;hui, pour que la subversion ne s&rsquo;\u00e9teigne jamais. Il ouvre la possibilit\u00e9 d&rsquo;une r\u00e9flexion th\u00e9orique sur des questions crucialement r\u00e9volutionnaires, comme le rapport \u00e0 l&rsquo;histoire des luttes par exemple, tout autant qu&rsquo;il pose des questions davantage li\u00e9es \u00e0 des pratiques, le pillage, la notion de \u00ab\u00a0violence\u00a0\u00bb et ses d\u00e9tracteurs, les processus de pacification sociale. Encore et simplement \u00e0 la subversion de l&rsquo;ordre \u00e9tabli sous de nombreuses coutures comme celle du rapport \u00e0 l&rsquo;autorit\u00e9 et son renversement, celle de l&rsquo;espace urbanis\u00e9, et une multitude d&rsquo;autres. Cette projection s&rsquo;inscrit dans un travail de longue haleine entretenu \u00e0 la biblioth\u00e8que des Fleurs Arctiques, autour de la transmission de l&rsquo;h\u00e9ritage r\u00e9volutionnaire, par exemple par la critique du documentaire <i>Ni Dieu Ni Ma\u00eetre<\/i> de Tancr\u00e8de Ramonet qui a d\u00e9j\u00e0 \u00e9t\u00e9 esquiss\u00e9e et qui sera encore approfondie \u00e0 l&rsquo;avenir. Au contraire de celui que nous allons projeter \u00e0 propos de Ferguson, le docu-fiction de Ramonet pr\u00e9sente une histoire des luttes au contraire liss\u00e9e et simpliste, bonne \u00e0 \u00eatre ing\u00e9r\u00e9e \u00e0 une heure de grande \u00e9coute avant de passer \u00e0 la t\u00e9l\u00e9r\u00e9alit\u00e9 du cr\u00e9neau suivant, ayant perdu tout contact avec les asp\u00e9rit\u00e9s, la vivacit\u00e9 et les complexit\u00e9s des \u00e9pisodes csubversifs qu&rsquo;il (mal)traite. Apr\u00e8s le visionnage de <span style=\"color: #333333\"><span style=\"font-family: Times New Roman, serif\"><span style=\"font-size: medium\"><i>Touch The Sky: Stories, Subversions, &amp; Complexities of Ferguson<\/i><\/span><\/span><\/span><i>, <\/i>trouvons ensemble des outils et des moyens d&rsquo;aller \u00e0 l&rsquo;encontre des dynamiques pacificatrices dont nous sommes entour\u00e9s et qui sont bien propres \u00e0 un syst\u00e8me qui cherche naturellement \u00e0 se prot\u00e9ger des attaques de divers ordres qui lui sont port\u00e9es.<\/p>\n<p><strong><img loading=\"lazy\" decoding=\"async\" class=\"size-large wp-image-1829 aligncenter\" src=\"https:\/\/lesfleursarctiques.noblogs.org\/files\/2020\/09\/ferguson-1024x723.jpg\" alt=\"\" width=\"525\" height=\"371\" srcset=\"https:\/\/lesfleursarctiques.noblogs.org\/files\/2020\/09\/ferguson-1024x723.jpg 1024w, https:\/\/lesfleursarctiques.noblogs.org\/files\/2020\/09\/ferguson-300x212.jpg 300w, https:\/\/lesfleursarctiques.noblogs.org\/files\/2020\/09\/ferguson-768x543.jpg 768w, https:\/\/lesfleursarctiques.noblogs.org\/files\/2020\/09\/ferguson-1536x1085.jpg 1536w, https:\/\/lesfleursarctiques.noblogs.org\/files\/2020\/09\/ferguson-2048x1447.jpg 2048w\" sizes=\"auto, (max-width: 525px) 100vw, 525px\" \/><br \/>\n<\/strong><\/p>\n","protected":false},"excerpt":{"rendered":"<p>Pour que la subversion ne soit jamais rel\u00e9gu\u00e9e au rang du pass\u00e9 mais permette la r\u00e9volution aujourd\u2019hui, discussion autour du documentaire Touch The Sky : Stories, Subversions, &amp; Complexities of Ferguson (2019, Saint Louis), en relation avec les \u00e9v\u00e9nements \u00e9meutiers qui ont suivi la mort de Georges Floyd. Samedi 3 octobre 19h L\u2019ignominie de la &hellip; <\/p>\n<p class=\"link-more\"><a href=\"https:\/\/lesfleursarctiques.noblogs.org\/?p=1806\" class=\"more-link\">Continuer la lecture<span class=\"screen-reader-text\"> de &laquo;&nbsp;Projection\/discussion autour du documentaire \u00ab\u00a0Touch The Sky : Stories, Subversions, &amp; Complexities of Ferguson\u00a0\u00bb&nbsp;&raquo;<\/span><\/a><\/p>\n","protected":false},"author":11668,"featured_media":0,"comment_status":"open","ping_status":"open","sticky":false,"template":"","format":"standard","meta":{"footnotes":""},"categories":[1],"tags":[],"class_list":["post-1806","post","type-post","status-publish","format-standard","hentry","category-general"],"_links":{"self":[{"href":"https:\/\/lesfleursarctiques.noblogs.org\/index.php?rest_route=\/wp\/v2\/posts\/1806","targetHints":{"allow":["GET"]}}],"collection":[{"href":"https:\/\/lesfleursarctiques.noblogs.org\/index.php?rest_route=\/wp\/v2\/posts"}],"about":[{"href":"https:\/\/lesfleursarctiques.noblogs.org\/index.php?rest_route=\/wp\/v2\/types\/post"}],"author":[{"embeddable":true,"href":"https:\/\/lesfleursarctiques.noblogs.org\/index.php?rest_route=\/wp\/v2\/users\/11668"}],"replies":[{"embeddable":true,"href":"https:\/\/lesfleursarctiques.noblogs.org\/index.php?rest_route=%2Fwp%2Fv2%2Fcomments&post=1806"}],"version-history":[{"count":7,"href":"https:\/\/lesfleursarctiques.noblogs.org\/index.php?rest_route=\/wp\/v2\/posts\/1806\/revisions"}],"predecessor-version":[{"id":1831,"href":"https:\/\/lesfleursarctiques.noblogs.org\/index.php?rest_route=\/wp\/v2\/posts\/1806\/revisions\/1831"}],"wp:attachment":[{"href":"https:\/\/lesfleursarctiques.noblogs.org\/index.php?rest_route=%2Fwp%2Fv2%2Fmedia&parent=1806"}],"wp:term":[{"taxonomy":"category","embeddable":true,"href":"https:\/\/lesfleursarctiques.noblogs.org\/index.php?rest_route=%2Fwp%2Fv2%2Fcategories&post=1806"},{"taxonomy":"post_tag","embeddable":true,"href":"https:\/\/lesfleursarctiques.noblogs.org\/index.php?rest_route=%2Fwp%2Fv2%2Ftags&post=1806"}],"curies":[{"name":"wp","href":"https:\/\/api.w.org\/{rel}","templated":true}]}}