{"id":1763,"date":"2020-09-10T23:36:03","date_gmt":"2020-09-10T21:36:03","guid":{"rendered":"http:\/\/lesfleursarctiques.noblogs.org\/?p=1763"},"modified":"2020-11-17T16:37:33","modified_gmt":"2020-11-17T15:37:33","slug":"programme-de-septembre-octobre-2020","status":"publish","type":"post","link":"https:\/\/lesfleursarctiques.noblogs.org\/?p=1763","title":{"rendered":"Programme de Septembre-Octobre 2020"},"content":{"rendered":"<p><em>Le nouveau programme de la biblioth\u00e8que Les Fleurs Arctiques est d\u00e9sormais disponible. Vous pouvez le lire ici en ligne en cliquant sur l&rsquo;image mais vous pouvez aussi le trouver imprim\u00e9 au 45 rue du Pr\u00e9 Saint-Gervais d\u00e8s <\/em><span style=\"font-size: 1rem\"><em>la permanence de ce vendredi 11 septembre. Nous reprenons donc les groupes de lectures, les permanences, les cin\u00e9-clubs (d\u00e8s lundi 14 avec Le vent se l\u00e8ve) et les discussions publiques (la premi\u00e8re le 18 septembre sur la question de l&rsquo;internationalisme).<\/em><\/span><\/p>\n<p><span style=\"font-size: 1rem\"><em>Au plaisir de vous (re)voir \u00e0 l&rsquo;une ou l&rsquo;autre de ces activit\u00e9s !<\/em> <\/span><a href=\"https:\/\/lesfleursarctiques.noblogs.org\/files\/2020\/09\/Programme-Septembre2020.pdf\"><img loading=\"lazy\" decoding=\"async\" class=\"wp-image-1766 aligncenter\" style=\"font-size: 1rem\" src=\"https:\/\/lesfleursarctiques.noblogs.org\/files\/2020\/09\/Programme-Les-Fleurs-Arctiques-Septembre-Octobre-2020.jpg\" alt=\"\" width=\"469\" height=\"661\" srcset=\"https:\/\/lesfleursarctiques.noblogs.org\/files\/2020\/09\/Programme-Les-Fleurs-Arctiques-Septembre-Octobre-2020.jpg 620w, https:\/\/lesfleursarctiques.noblogs.org\/files\/2020\/09\/Programme-Les-Fleurs-Arctiques-Septembre-Octobre-2020-213x300.jpg 213w\" sizes=\"auto, (max-width: 469px) 100vw, 469px\" \/><\/a><span style=\"font-size: 1rem\">\u00a0<\/span><\/p>\n<ul>\n<li><strong>Permanences :<\/strong> vendredi de 16h \u00e0 19h<\/li>\n<li><strong>Cin\u00e9-club :\u00a0<\/strong> lundi \u00e0 19h30<\/li>\n<li><strong><a href=\"https:\/\/lesfleursarctiques.noblogs.org\/?page_id=91\">Groupes de lecture<\/a> :<\/strong> dimanche \u00e0 16h00<\/li>\n<\/ul>\n<p><strong><span style=\"color: #008080\">Edito :<\/span> <\/strong><\/p>\n<p><strong>Septembre 2020, une rentr\u00e9e normale, puisqu&rsquo;on vous le dit&#8230; <\/strong><\/p>\n<p>&nbsp;<\/p>\n<p>Il y a un temps pour prendre ses aises, et un temps pour prendre sur soi et \u00ab apprendre \u00e0 vivre avec le virus \u00bb, en participant, bien s\u00fbr, \u00e0 l&rsquo;effort de guerre pour la bonne remise en marche du Capital (qui se serait arr\u00eat\u00e9, donc&#8230;). La nouvelle normalit\u00e9 qui nous est propos\u00e9 ressemble malgr\u00e9 tout beaucoup \u00e0 l&rsquo;ancienne, avec quelques am\u00e9liorations dans les dispositifs r\u00e9pressifs et gestionnaires. Retour \u00e0 l&rsquo;\u00e9cole, \u00e9l\u00e8ves entass\u00e9s dans les classes, avec ou sans masques selon l&rsquo;\u00e2ge, et sans distanciation, trop co\u00fbteuse \u00e0 mettre en place. Ce retour \u00e0 l&rsquo;\u00e9cole des plus jeunes permet alors aussi celui des plus vieux, m\u00eame si la plupart y sont retourn\u00e9s depuis un moment d\u00e9j\u00e0, sans compter ceux et celles qui n&rsquo;ont pas cess\u00e9 de travailler, soignants, livreurs, et autres travailleurs dont le r\u00f4le est \u00ab indispensable \u00bb \u00e0 la bonne marche de la vie \u00e9conomique et sociale, qui n&rsquo;ont jamais \u00e9t\u00e9 confin\u00e9s. M\u00e9tro-boulot-dodo avec le virus, donc. On a vu comment les vies ont \u00e9t\u00e9 tri\u00e9es par l&rsquo;\u00e9conomie du soin et on continue \u00e0 voir comment la circulation renouvel\u00e9e du virus suit les logiques intrins\u00e8quement in\u00e9galitaires du capitalisme. Les pauvres et toutes les sortes d&rsquo;ind\u00e9sirables et d&rsquo;improductifs sont \u00e0 la fois les plus fragiles et les plus touch\u00e9s. L&rsquo;enfermement avec le virus, donc. Mais il est clair que l&rsquo;urgence sanitaire est toujours moins urgente que les imp\u00e9ratifs \u00e9conomiques et r\u00e9pressifs et, une fois l&rsquo;affolement de mars-avril pass\u00e9, on s&rsquo;inqui\u00e8te davantage du fait que les jeunes s&rsquo;\u00e9loignent de l&rsquo;\u00e9cole et du travail au point de perdre l&rsquo;habitude d&rsquo;y \u00eatre contraints, que de la hausse des contaminations. Pour le bien de l&rsquo;\u00e9conomie, un nouveau confinement g\u00e9n\u00e9ralis\u00e9 doit \u00eatre \u00e9vit\u00e9 \u00e0 tout prix, et ce seront d\u00e9sormais des \u00ab confinements cibl\u00e9s \u00bb, d&rsquo;autant plus carc\u00e9ralis\u00e9s sur des statuts d&rsquo;enfermements administratifs, qui seront mis en place, associ\u00e9s \u00e0 la tr\u00e8s experte notion de \u00ab clusters \u00bb.<\/p>\n<p>Mais l&rsquo;instauration en catastrophe de cette nouvelle normalit\u00e9, sous des formes diverses sur l&rsquo;ensemble de la plan\u00e8te mais toujours sous l&rsquo;\u00e9gide de la peur et de l&rsquo;urgence sanitaire, avec tout ce que ces notions ouvrent de potentialit\u00e9s r\u00e9pressives, ne se g\u00e9n\u00e9ralise pas sans r\u00e9veiller partout des formes de refus, de r\u00e9voltes et d&rsquo;attaque qui s&rsquo;engouffrent dans les br\u00e8ches du monde qui se construit contre nous, avec une intensit\u00e9 \u00e0 la hauteur des enjeux. Dans les prisons, les camps, les lieux de r\u00e9tention, ont lieu mutineries et \u00e9vasions collectives. Partout dans le monde (et plus encore sans doute ailleurs qu&rsquo;en Europe), les gr\u00e8ves spontan\u00e9es se multiplient, avec des formes d&rsquo;action que les syndicats peinent \u00e0 canaliser. Des livreurs et autres travailleurs pr\u00e9caires trouvent le moyen de briser l&rsquo;atomisation inh\u00e9rente \u00e0 leur statut pour cesser le travail et manifester en nombre. Hors des lieux de travail ou d&rsquo;enfermement, les Etats Unis connaissent une vague de manifestations \u00e9meuti\u00e8res dont l&rsquo;intensit\u00e9 se renouvelle sans cesse depuis l&rsquo;assassinat de Georges Floyd par la police au d\u00e9but de l&rsquo;\u00e9t\u00e9.<\/p>\n<p>Pour cette r\u00e9ouverture de la biblioth\u00e8que, nous proposons deux moments de r\u00e9flexion en lien avec ce contexte de mobilisations intenses \u00e0 un niveau mondial. <a href=\"https:\/\/lesfleursarctiques.noblogs.org\/?p=1806\">Le samedi 3 octobre, on prendra le temps de discuter de la phase \u00e9meuti\u00e8re en cours aux Etats-Unis<\/a> \u00e0 partir de la projection d&rsquo;un documentaire qui s&rsquo;int\u00e9resse en profondeur aux \u00e9meutes de Ferguson en 2014 et \u00e0 leurs complexit\u00e9s subversives, et <a href=\"https:\/\/lesfleursarctiques.noblogs.org\/?p=1796\">le vendredi 18 septembre on discutera de la n\u00e9cessit\u00e9 et de l&rsquo;importance de l&rsquo;internationalisme aujourd&rsquo;hui<\/a>, et des formes que pourraient prendre la solidarit\u00e9 internationale sans compter sur \u00ab\u00a0l&rsquo;efficacit\u00e9\u00a0\u00bb structurelle du Parti&#8230;<\/p>\n<p>Nous reprenons les cin\u00e9-club qui auront lieu tous les lundis soirs \u00e0 19h30, avec des films que l&rsquo;on propose surtout pour les discussions qu&rsquo;ils nous semblent pouvoir susciter, ainsi que <a href=\"https:\/\/lesfleursarctiques.noblogs.org\/?page_id=91\">les groupes de lecture hebdomadaires<\/a> le dimanche \u00e0 16h, au cours desquels, entre autres propositions plus ponctuelles, on s&rsquo;attachera \u00e0 confronter les points de vue et analyses \u00e0 partir de la lecture du texte le moins orthodoxe de Marx, le \u00ab\u00a0Fragment sur les machine\u00a0\u00bb. Comme il ne s&rsquo;agit pas d&rsquo;approfondir une quelconque \u00e9rudition de chapelle sur la question, mais plut\u00f4t de trouver dans ces lectures et les discussions qu&rsquo;elles provoquent un peu de vitalit\u00e9 th\u00e9orique et pratique pour combattre ce monde aujourd&rsquo;hui, aucun pr\u00e9requis n&rsquo;est n\u00e9cessaire, \u00e0 part peut-\u00eatre de ne pas y venir strictement \u00ab\u00a0en touriste\u00a0\u00bb. La diversit\u00e9 des approches, y compris tr\u00e8s critiques, ne pourra qu&rsquo;enrichir les discussions que nous esp\u00e9rons vivifiantes et ac\u00e9r\u00e9es.<\/p>\n<p>Les permanences sont ouvertes le vendredi pour permettre \u00e0 tous ceux et celles qui le voudraient de rencontrer les participants de ce projet, de proposer des initiatives ou de discuter de choses et d&rsquo;autres, de consulter ou d&#8217;emprunter livres et brochures&#8230;<\/p>\n<p><strong>Il est plus que jamais n\u00e9cessaire de r\u00e9fl\u00e9chir et d&rsquo;agir face \u00e0 cette nouvelle normalit\u00e9 qui intensifie encore le contr\u00f4le et l&rsquo;exploitation de tous, et de trouver les moyens de s&rsquo;armer contre ces \u00e9vidences toujours gestionnaires qu&rsquo;on veut nous imposer\u00a0!<\/strong><\/p>\n<p><a href=\"https:\/\/lesfleursarctiques.noblogs.org\/wp-admin\/upload.php?item=1814\"><img decoding=\"async\" src=\"https:\/\/lesfleursarctiques.noblogs.org\/files\/2020\/09\/afficheprogsept-nov2020-scaled.jpg\" \/><\/a><\/p>\n<p>&nbsp;<\/p>\n<p><em><span style=\"font-size: 1rem\">\u00a0<\/span><\/em><\/p>\n","protected":false},"excerpt":{"rendered":"<p>Le nouveau programme de la biblioth\u00e8que Les Fleurs Arctiques est d\u00e9sormais disponible. Vous pouvez le lire ici en ligne en cliquant sur l&rsquo;image mais vous pouvez aussi le trouver imprim\u00e9 au 45 rue du Pr\u00e9 Saint-Gervais d\u00e8s la permanence de ce vendredi 11 septembre. Nous reprenons donc les groupes de lectures, les permanences, les cin\u00e9-clubs &hellip; <\/p>\n<p class=\"link-more\"><a href=\"https:\/\/lesfleursarctiques.noblogs.org\/?p=1763\" class=\"more-link\">Continuer la lecture<span class=\"screen-reader-text\"> de &laquo;&nbsp;Programme de Septembre-Octobre 2020&nbsp;&raquo;<\/span><\/a><\/p>\n","protected":false},"author":11668,"featured_media":0,"comment_status":"open","ping_status":"open","sticky":false,"template":"","format":"standard","meta":{"footnotes":""},"categories":[1],"tags":[],"class_list":["post-1763","post","type-post","status-publish","format-standard","hentry","category-general"],"_links":{"self":[{"href":"https:\/\/lesfleursarctiques.noblogs.org\/index.php?rest_route=\/wp\/v2\/posts\/1763","targetHints":{"allow":["GET"]}}],"collection":[{"href":"https:\/\/lesfleursarctiques.noblogs.org\/index.php?rest_route=\/wp\/v2\/posts"}],"about":[{"href":"https:\/\/lesfleursarctiques.noblogs.org\/index.php?rest_route=\/wp\/v2\/types\/post"}],"author":[{"embeddable":true,"href":"https:\/\/lesfleursarctiques.noblogs.org\/index.php?rest_route=\/wp\/v2\/users\/11668"}],"replies":[{"embeddable":true,"href":"https:\/\/lesfleursarctiques.noblogs.org\/index.php?rest_route=%2Fwp%2Fv2%2Fcomments&post=1763"}],"version-history":[{"count":8,"href":"https:\/\/lesfleursarctiques.noblogs.org\/index.php?rest_route=\/wp\/v2\/posts\/1763\/revisions"}],"predecessor-version":[{"id":1786,"href":"https:\/\/lesfleursarctiques.noblogs.org\/index.php?rest_route=\/wp\/v2\/posts\/1763\/revisions\/1786"}],"wp:attachment":[{"href":"https:\/\/lesfleursarctiques.noblogs.org\/index.php?rest_route=%2Fwp%2Fv2%2Fmedia&parent=1763"}],"wp:term":[{"taxonomy":"category","embeddable":true,"href":"https:\/\/lesfleursarctiques.noblogs.org\/index.php?rest_route=%2Fwp%2Fv2%2Fcategories&post=1763"},{"taxonomy":"post_tag","embeddable":true,"href":"https:\/\/lesfleursarctiques.noblogs.org\/index.php?rest_route=%2Fwp%2Fv2%2Ftags&post=1763"}],"curies":[{"name":"wp","href":"https:\/\/api.w.org\/{rel}","templated":true}]}}