{"id":1741,"date":"2020-06-16T00:40:19","date_gmt":"2020-06-15T22:40:19","guid":{"rendered":"http:\/\/lesfleursarctiques.noblogs.org\/?p=1741"},"modified":"2020-09-11T00:17:08","modified_gmt":"2020-09-10T22:17:08","slug":"feuilles-antarctiques-numero-5-special-encampement","status":"publish","type":"post","link":"https:\/\/lesfleursarctiques.noblogs.org\/?p=1741","title":{"rendered":"Feuilles Antarctiques num\u00e9ro 5 : SP\u00c9CIAL ENCAMPEMENT"},"content":{"rendered":"<p>Cette semaine, nous avons choisi de parler de la question des camps, de l&rsquo;encampement, de la mise en camp et des luttes contre ces formes d&rsquo;enfermement. Pour retrouver le pdf qui rassemble tous les textes que l&rsquo;on propose \u00e0 la lecture ainsi qu&rsquo;une introduction, \u00e9crite sp\u00e9cialement pour expliquer dans quel perspective nous souhaitons aborder cette question, cliquez sur l&rsquo;image suivante :<a href=\"https:\/\/lesfleursarctiques.noblogs.org\/files\/2020\/06\/LFA-FA05-2.pdf\"><br \/>\n<\/a><a href=\"https:\/\/lesfleursarctiques.noblogs.org\/files\/2020\/06\/LFA-FA05.pdf\"><img loading=\"lazy\" decoding=\"async\" class=\"aligncenter wp-image-1740 size-large\" src=\"https:\/\/lesfleursarctiques.noblogs.org\/files\/2020\/06\/LFA-FA05-724x1024.jpg\" alt=\"\" width=\"525\" height=\"743\" srcset=\"https:\/\/lesfleursarctiques.noblogs.org\/files\/2020\/06\/LFA-FA05-724x1024.jpg 724w, https:\/\/lesfleursarctiques.noblogs.org\/files\/2020\/06\/LFA-FA05-212x300.jpg 212w, https:\/\/lesfleursarctiques.noblogs.org\/files\/2020\/06\/LFA-FA05-768x1086.jpg 768w, https:\/\/lesfleursarctiques.noblogs.org\/files\/2020\/06\/LFA-FA05-1086x1536.jpg 1086w, https:\/\/lesfleursarctiques.noblogs.org\/files\/2020\/06\/LFA-FA05-1448x2048.jpg 1448w, https:\/\/lesfleursarctiques.noblogs.org\/files\/2020\/06\/LFA-FA05-scaled.jpg 1810w\" sizes=\"auto, (max-width: 525px) 100vw, 525px\" \/><\/a><\/p>\n","protected":false},"excerpt":{"rendered":"<p>Cette semaine, nous avons choisi de parler de la question des camps, de l&rsquo;encampement, de la mise en camp et des luttes contre ces formes d&rsquo;enfermement. Pour retrouver le pdf qui rassemble tous les textes que l&rsquo;on propose \u00e0 la lecture ainsi qu&rsquo;une introduction, \u00e9crite sp\u00e9cialement pour expliquer dans quel perspective nous souhaitons aborder cette &hellip; <\/p>\n<p class=\"link-more\"><a href=\"https:\/\/lesfleursarctiques.noblogs.org\/?p=1741\" class=\"more-link\">Continuer la lecture<span class=\"screen-reader-text\"> de &laquo;&nbsp;Feuilles Antarctiques num\u00e9ro 5 : SP\u00c9CIAL ENCAMPEMENT&nbsp;&raquo;<\/span><\/a><\/p>\n","protected":false},"author":11668,"featured_media":0,"comment_status":"open","ping_status":"open","sticky":false,"template":"","format":"standard","meta":{"footnotes":""},"categories":[1],"tags":[],"class_list":["post-1741","post","type-post","status-publish","format-standard","hentry","category-general"],"_links":{"self":[{"href":"https:\/\/lesfleursarctiques.noblogs.org\/index.php?rest_route=\/wp\/v2\/posts\/1741","targetHints":{"allow":["GET"]}}],"collection":[{"href":"https:\/\/lesfleursarctiques.noblogs.org\/index.php?rest_route=\/wp\/v2\/posts"}],"about":[{"href":"https:\/\/lesfleursarctiques.noblogs.org\/index.php?rest_route=\/wp\/v2\/types\/post"}],"author":[{"embeddable":true,"href":"https:\/\/lesfleursarctiques.noblogs.org\/index.php?rest_route=\/wp\/v2\/users\/11668"}],"replies":[{"embeddable":true,"href":"https:\/\/lesfleursarctiques.noblogs.org\/index.php?rest_route=%2Fwp%2Fv2%2Fcomments&post=1741"}],"version-history":[{"count":6,"href":"https:\/\/lesfleursarctiques.noblogs.org\/index.php?rest_route=\/wp\/v2\/posts\/1741\/revisions"}],"predecessor-version":[{"id":1750,"href":"https:\/\/lesfleursarctiques.noblogs.org\/index.php?rest_route=\/wp\/v2\/posts\/1741\/revisions\/1750"}],"wp:attachment":[{"href":"https:\/\/lesfleursarctiques.noblogs.org\/index.php?rest_route=%2Fwp%2Fv2%2Fmedia&parent=1741"}],"wp:term":[{"taxonomy":"category","embeddable":true,"href":"https:\/\/lesfleursarctiques.noblogs.org\/index.php?rest_route=%2Fwp%2Fv2%2Fcategories&post=1741"},{"taxonomy":"post_tag","embeddable":true,"href":"https:\/\/lesfleursarctiques.noblogs.org\/index.php?rest_route=%2Fwp%2Fv2%2Ftags&post=1741"}],"curies":[{"name":"wp","href":"https:\/\/api.w.org\/{rel}","templated":true}]}}